{"id":1325,"date":"2026-04-29T06:00:00","date_gmt":"2026-04-29T09:00:00","guid":{"rendered":"https:\/\/vagas.portalemprego.com.br\/?p=1325"},"modified":"2026-04-29T06:00:00","modified_gmt":"2026-04-29T09:00:00","slug":"assistente-administrativo-pcd-administracao-rio-de-janeiro","status":"publish","type":"post","link":"https:\/\/vagas.portalemprego.com.br\/?p=1325","title":{"rendered":"Assistente Administrativo (PCD) &#8211; Administra\u00e7\u00e3o &#8211; Rio de Janeiro"},"content":{"rendered":"<p>ASSISTENTE ADMINISTRATIVO (A) | VAGA EXCLUSIVA PARA PESSOAS COM DEFICI\u00caNCIA (PcD)<br \/>\nEstamos em busca de profissionais com perfil organizado, respons\u00e1vel e com interesse em atuar na \u00e1rea administrativa, apoiando rotinas operacionais e contribuindo para o bom andamento das atividades do setor.<br \/>\nPrincipais atividades:<br \/>\nApoiar as rotinas administrativas da \u00e1rea<br \/>\nOrganizar documentos, informa\u00e7\u00f5es e controles internos<br \/>\nRealizar lan\u00e7amentos, atualiza\u00e7\u00f5es e acompanhamento de dados em sistemas e planilhas<br \/>\nDar suporte \u00e0s demandas administrativas do setor<br \/>\nApoiar no atendimento interno e no encaminhamento de solicita\u00e7\u00f5es<br \/>\nContribuir para a organiza\u00e7\u00e3o de arquivos, relat\u00f3rios e processos da \u00e1rea<br \/>\nAtuar em interface com diferentes \u00e1reas, conforme necessidade<br \/>\nInforma\u00e7\u00f5es adicionais:<br \/>\nVaga exclusiva para pessoas com defici\u00eancia (PcD)<br \/>\n\u00c9 importante apresentar laudo atualizado<\/p>\n<ul>\n<li>N\u00famero de vagas: 5<\/li>\n<li>Local de trabalho: Rio de Janeiro, RJ<\/li>\n<li>Regime de contrata\u00e7\u00e3o de tipo: Efetivo \u2013 CLT<\/li>\n<li>Jornada: Per\u00edodo Integral<\/li>\n<li>\u00c1rea e especializa\u00e7\u00e3o profissional: Administra\u00e7\u00e3o &#8211; Administra\u00e7\u00e3o Geral<\/li>\n<li>N\u00edvel hier\u00e1rquico: Assistente<\/li>\n<\/ul>\n<p>VALORIZADO<\/p>\n<p>Tempo de experi\u00eancia: Sem experi\u00eancia<\/p>\n<p>HABILIDADES<\/p>\n<ul>\n<li>Organiza\u00e7\u00e3o<\/li>\n<li>Responsabilidade<\/li>\n<\/ul>\n<p>Escolaridade M\u00ednima: Ensino M\u00e9dio (2\u00ba Grau)<\/p>\n","protected":false},"excerpt":{"rendered":"<p>ASSISTENTE ADMINISTRATIVO (A) | VAGA EXCLUSIVA PARA PESSOAS COM DEFICI\u00caNCIA (PcD) Estamos em busca de profissionais com perfil organizado, respons\u00e1vel e com interesse em atuar na \u00e1rea administrativa, apoiando rotinas operacionais e contribuindo para o bom andamento das atividades do setor. Principais atividades: Apoiar as rotinas administrativas da \u00e1rea Organizar documentos, informa\u00e7\u00f5es e controles internos [&hellip;]<\/p>\n","protected":false},"author":1,"featured_media":0,"comment_status":"open","ping_status":"open","sticky":false,"template":"","format":"standard","meta":{"footnotes":""},"categories":[21],"tags":[],"class_list":["post-1325","post","type-post","status-publish","format-standard","hentry","category-rio-de-janeiro-rj"],"_links":{"self":[{"href":"https:\/\/vagas.portalemprego.com.br\/index.php?rest_route=\/wp\/v2\/posts\/1325","targetHints":{"allow":["GET"]}}],"collection":[{"href":"https:\/\/vagas.portalemprego.com.br\/index.php?rest_route=\/wp\/v2\/posts"}],"about":[{"href":"https:\/\/vagas.portalemprego.com.br\/index.php?rest_route=\/wp\/v2\/types\/post"}],"author":[{"embeddable":true,"href":"https:\/\/vagas.portalemprego.com.br\/index.php?rest_route=\/wp\/v2\/users\/1"}],"replies":[{"embeddable":true,"href":"https:\/\/vagas.portalemprego.com.br\/index.php?rest_route=%2Fwp%2Fv2%2Fcomments&post=1325"}],"version-history":[{"count":0,"href":"https:\/\/vagas.portalemprego.com.br\/index.php?rest_route=\/wp\/v2\/posts\/1325\/revisions"}],"wp:attachment":[{"href":"https:\/\/vagas.portalemprego.com.br\/index.php?rest_route=%2Fwp%2Fv2%2Fmedia&parent=1325"}],"wp:term":[{"taxonomy":"category","embeddable":true,"href":"https:\/\/vagas.portalemprego.com.br\/index.php?rest_route=%2Fwp%2Fv2%2Fcategories&post=1325"},{"taxonomy":"post_tag","embeddable":true,"href":"https:\/\/vagas.portalemprego.com.br\/index.php?rest_route=%2Fwp%2Fv2%2Ftags&post=1325"}],"curies":[{"name":"wp","href":"https:\/\/api.w.org\/{rel}","templated":true}]}}