{"id":1327,"date":"2026-04-29T06:00:00","date_gmt":"2026-04-29T09:00:00","guid":{"rendered":"https:\/\/vagas.portalemprego.com.br\/?p=1327"},"modified":"2026-04-29T06:00:00","modified_gmt":"2026-04-29T09:00:00","slug":"vendedora-zona-oeste-comercial-vendas-rio-de-janeiro","status":"publish","type":"post","link":"https:\/\/vagas.portalemprego.com.br\/?p=1327","title":{"rendered":"Vendedora | Zona Oeste &#8211; Comercial, Vendas &#8211; Rio de Janeiro"},"content":{"rendered":"<p>Voc\u00ea gosta de moda, tem energia e alto astral? Venha fazer parte do nosso time de sucesso!<\/p>\n<p>REQUISITOS E QUALIFICA\u00c7\u00d5ES:<\/p>\n<p>&#8211; Sorriso no rosto e energia positiva;<br \/>\n&#8211; Gostar de Moda;<br \/>\n&#8211; Ter experi\u00eancia com vendas;<br \/>\n&#8211; Conhecimentos em m\u00eddias sociais<br \/>\n&#8211; Motiva\u00e7\u00e3o por desafios e foco em resultado;<br \/>\n&#8211; Ser\u00e1 considerado diferencial j\u00e1 ter trabalhado com moda feminina;<br \/>\n&#8211; Ser maior de 18 anos;<br \/>\n&#8211; Ter Ensino M\u00e9dio Completo.<\/p>\n<p>INFORMA\u00c7\u00d5ES ADICIONAIS:<\/p>\n<p>&#8211; Sal\u00e1rio comissionado + Premia\u00e7\u00e3o mediante atingimento de meta;<\/p>\n<p>BENEF\u00cdCIOS:<\/p>\n<p>&#8211; Vale Transporte;<br \/>\n&#8211; Cart\u00e3o Flex\u00edvel (VR\/VA);<br \/>\n&#8211; Assist\u00eancia M\u00e9dica ap\u00f3s per\u00edodo de experi\u00eancia;<br \/>\n&#8211; Assist\u00eancia Odontol\u00f3gica ap\u00f3s per\u00edodo de experi\u00eancia;<br \/>\n&#8211; Descontos para compra na loja ap\u00f3s o per\u00edodo de experi\u00eancia;<br \/>\n&#8211; Conv\u00eanio com institui\u00e7\u00f5es de Ensino;<br \/>\n&#8211; TotalPass.<\/p>\n<ul>\n<li>N\u00famero de vagas: 2<\/li>\n<li>Local de trabalho: Rio de Janeiro, RJ<\/li>\n<li>Regime de contrata\u00e7\u00e3o de tipo: Efetivo \u2013 CLT<\/li>\n<li>Jornada: Per\u00edodo Integral<\/li>\n<li>\u00c1rea e especializa\u00e7\u00e3o profissional: Comercial, Vendas &#8211; Lojas \/ Shopping<\/li>\n<li>N\u00edvel hier\u00e1rquico: Operacional<\/li>\n<\/ul>\n<p>VALORIZADO<\/p>\n<p>Tempo de experi\u00eancia: Entre 1 e 3 anos<\/p>\n<p>Escolaridade M\u00ednima: Ensino M\u00e9dio (2\u00ba Grau)<\/p>\n<ul>\n<li>Vale-refei\u00e7\u00e3o<\/li>\n<li>Vale-transporte<\/li>\n<\/ul>\n<p>Sal\u00e1rio: 3000,0<\/p>\n","protected":false},"excerpt":{"rendered":"<p>Voc\u00ea gosta de moda, tem energia e alto astral? Venha fazer parte do nosso time de sucesso! REQUISITOS E QUALIFICA\u00c7\u00d5ES: &#8211; Sorriso no rosto e energia positiva; &#8211; Gostar de Moda; &#8211; Ter experi\u00eancia com vendas; &#8211; Conhecimentos em m\u00eddias sociais &#8211; Motiva\u00e7\u00e3o por desafios e foco em resultado; &#8211; Ser\u00e1 considerado diferencial j\u00e1 ter [&hellip;]<\/p>\n","protected":false},"author":1,"featured_media":0,"comment_status":"open","ping_status":"open","sticky":false,"template":"","format":"standard","meta":{"footnotes":""},"categories":[21],"tags":[],"class_list":["post-1327","post","type-post","status-publish","format-standard","hentry","category-rio-de-janeiro-rj"],"_links":{"self":[{"href":"https:\/\/vagas.portalemprego.com.br\/index.php?rest_route=\/wp\/v2\/posts\/1327","targetHints":{"allow":["GET"]}}],"collection":[{"href":"https:\/\/vagas.portalemprego.com.br\/index.php?rest_route=\/wp\/v2\/posts"}],"about":[{"href":"https:\/\/vagas.portalemprego.com.br\/index.php?rest_route=\/wp\/v2\/types\/post"}],"author":[{"embeddable":true,"href":"https:\/\/vagas.portalemprego.com.br\/index.php?rest_route=\/wp\/v2\/users\/1"}],"replies":[{"embeddable":true,"href":"https:\/\/vagas.portalemprego.com.br\/index.php?rest_route=%2Fwp%2Fv2%2Fcomments&post=1327"}],"version-history":[{"count":0,"href":"https:\/\/vagas.portalemprego.com.br\/index.php?rest_route=\/wp\/v2\/posts\/1327\/revisions"}],"wp:attachment":[{"href":"https:\/\/vagas.portalemprego.com.br\/index.php?rest_route=%2Fwp%2Fv2%2Fmedia&parent=1327"}],"wp:term":[{"taxonomy":"category","embeddable":true,"href":"https:\/\/vagas.portalemprego.com.br\/index.php?rest_route=%2Fwp%2Fv2%2Fcategories&post=1327"},{"taxonomy":"post_tag","embeddable":true,"href":"https:\/\/vagas.portalemprego.com.br\/index.php?rest_route=%2Fwp%2Fv2%2Ftags&post=1327"}],"curies":[{"name":"wp","href":"https:\/\/api.w.org\/{rel}","templated":true}]}}