{"id":1328,"date":"2026-04-29T06:00:00","date_gmt":"2026-04-29T09:00:00","guid":{"rendered":"https:\/\/vagas.portalemprego.com.br\/?p=1328"},"modified":"2026-04-29T06:00:00","modified_gmt":"2026-04-29T09:00:00","slug":"mecanico-diesel-nivel-1-construcao-manutencao-rio-de-janeiro","status":"publish","type":"post","link":"https:\/\/vagas.portalemprego.com.br\/?p=1328","title":{"rendered":"Mec\u00e2nico Diesel (n\u00edvel 1) &#8211; Constru\u00e7\u00e3o, Manuten\u00e7\u00e3o &#8211; Rio de Janeiro"},"content":{"rendered":"<p>Realizar manuten\u00e7\u00e3o preventiva e corretiva em equipamentos diesel; ( Linha Branca e Linha Amarela )<br \/>\nDiagnosticar falhas mec\u00e2nicas;<br \/>\nExecutar reparos e substitui\u00e7\u00e3o de componentes;<br \/>\nApoiar nas inspe\u00e7\u00f5es e revis\u00f5es peri\u00f3dicas.<br \/>\nRequisitos:<\/p>\n<p>Conhecimento em mec\u00e2nica diesel pesada;<br \/>\nNo\u00e7\u00f5es de diagn\u00f3stico de falhas;<br \/>\nDesej\u00e1vel forma\u00e7\u00e3o t\u00e9cnica na \u00e1rea ou experi\u00eancia equivalente;<\/p>\n<ul>\n<li>Local de trabalho: Rio de Janeiro, RJ<\/li>\n<li>Regime de contrata\u00e7\u00e3o de tipo: Efetivo \u2013 CLT<\/li>\n<li>Jornada: Per\u00edodo Integral<\/li>\n<li>\u00c1rea e especializa\u00e7\u00e3o profissional: Constru\u00e7\u00e3o, Manuten\u00e7\u00e3o &#8211; Manuten\u00e7\u00e3o Mec\u00e2nica<\/li>\n<li>N\u00edvel hier\u00e1rquico: Operacional<\/li>\n<\/ul>\n<p>Escolaridade M\u00ednima: Curso T\u00e9cnico<\/p>\n<p>Sal\u00e1rio: 3611,33<\/p>\n","protected":false},"excerpt":{"rendered":"<p>Realizar manuten\u00e7\u00e3o preventiva e corretiva em equipamentos diesel; ( Linha Branca e Linha Amarela ) Diagnosticar falhas mec\u00e2nicas; Executar reparos e substitui\u00e7\u00e3o de componentes; Apoiar nas inspe\u00e7\u00f5es e revis\u00f5es peri\u00f3dicas. Requisitos: Conhecimento em mec\u00e2nica diesel pesada; No\u00e7\u00f5es de diagn\u00f3stico de falhas; Desej\u00e1vel forma\u00e7\u00e3o t\u00e9cnica na \u00e1rea ou experi\u00eancia equivalente; Local de trabalho: Rio de Janeiro, [&hellip;]<\/p>\n","protected":false},"author":1,"featured_media":0,"comment_status":"open","ping_status":"open","sticky":false,"template":"","format":"standard","meta":{"footnotes":""},"categories":[21],"tags":[],"class_list":["post-1328","post","type-post","status-publish","format-standard","hentry","category-rio-de-janeiro-rj"],"_links":{"self":[{"href":"https:\/\/vagas.portalemprego.com.br\/index.php?rest_route=\/wp\/v2\/posts\/1328","targetHints":{"allow":["GET"]}}],"collection":[{"href":"https:\/\/vagas.portalemprego.com.br\/index.php?rest_route=\/wp\/v2\/posts"}],"about":[{"href":"https:\/\/vagas.portalemprego.com.br\/index.php?rest_route=\/wp\/v2\/types\/post"}],"author":[{"embeddable":true,"href":"https:\/\/vagas.portalemprego.com.br\/index.php?rest_route=\/wp\/v2\/users\/1"}],"replies":[{"embeddable":true,"href":"https:\/\/vagas.portalemprego.com.br\/index.php?rest_route=%2Fwp%2Fv2%2Fcomments&post=1328"}],"version-history":[{"count":0,"href":"https:\/\/vagas.portalemprego.com.br\/index.php?rest_route=\/wp\/v2\/posts\/1328\/revisions"}],"wp:attachment":[{"href":"https:\/\/vagas.portalemprego.com.br\/index.php?rest_route=%2Fwp%2Fv2%2Fmedia&parent=1328"}],"wp:term":[{"taxonomy":"category","embeddable":true,"href":"https:\/\/vagas.portalemprego.com.br\/index.php?rest_route=%2Fwp%2Fv2%2Fcategories&post=1328"},{"taxonomy":"post_tag","embeddable":true,"href":"https:\/\/vagas.portalemprego.com.br\/index.php?rest_route=%2Fwp%2Fv2%2Ftags&post=1328"}],"curies":[{"name":"wp","href":"https:\/\/api.w.org\/{rel}","templated":true}]}}