{"id":1333,"date":"2026-04-29T06:00:00","date_gmt":"2026-04-29T09:00:00","guid":{"rendered":"https:\/\/vagas.portalemprego.com.br\/?p=1333"},"modified":"2026-04-29T06:00:00","modified_gmt":"2026-04-29T09:00:00","slug":"tecnico-de-coleta-saude-rio-de-janeiro","status":"publish","type":"post","link":"https:\/\/vagas.portalemprego.com.br\/?p=1333","title":{"rendered":"T\u00e9cnico de Coleta &#8211; Sa\u00fade &#8211; Rio de Janeiro"},"content":{"rendered":"<p>?? VAGA \u2013 T\u00c9CNICO DE COLETA (VOLANTE)<br \/>\n ?? Rio de Janeiro \u2013 RJ<br \/>\n? Escala: 6&#215;1 | 06h \u00e0s 12h<br \/>\n?? Remunera\u00e7\u00e3o:<br \/>\nSal\u00e1rio: R$ 1.904,85<br \/>\nInsalubridade: R$ 303,60<br \/>\n?? Benef\u00edcios:<br \/>\nPlano de sa\u00fade SulAm\u00e9rica (extensivo a dependentes \u2013 coparticipa\u00e7\u00e3o) | ap\u00f3s experi\u00eancia<br \/>\nPlano odontol\u00f3gico SulAm\u00e9rica | ap\u00f3s experi\u00eancia<br \/>\nVale-refei\u00e7\u00e3o: R$ 15\/dia<br \/>\nVale transporte<br \/>\nGymPass \/ TotalPass<br \/>\nSeguro de vida<br \/>\n??? Atividades:<br \/>\nColeta de materiais biol\u00f3gicos<br \/>\nPun\u00e7\u00e3o venosa (coleta de sangue)<br \/>\nAtendimento ao paciente, incluindo p\u00fablico infantil<br \/>\nAtua\u00e7\u00e3o em ambiente externo (coleta domiciliar\/laboratorial)<br \/>\n? Requisitos:<br \/>\nCurso T\u00e9cnico em Enfermagem (COREN ativo) ou An\u00e1lises Cl\u00ednicas (CRF ativo)<br \/>\nExperi\u00eancia m\u00ednima de 6 meses com coleta e pun\u00e7\u00e3o venosa<br \/>\nExperi\u00eancia com coleta em beb\u00eas<br \/>\nViv\u00eancia em laborat\u00f3rio externo ou hospitalar<br \/>\nDisponibilidade para exclusividade (n\u00e3o \u00e9 permitido duplo v\u00ednculo)<br \/>\n? Perfil comportamental:<br \/>\nBuscamos profissionais com energia, empatia, boa comunica\u00e7\u00e3o e que gostem de trabalhar com pessoas, prezando por um atendimento humanizado e trabalho em equipe.<\/p>\n<ul>\n<li>Local de trabalho: Rio de Janeiro, RJ<\/li>\n<li>Regime de contrata\u00e7\u00e3o de tipo: Efetivo \u2013 CLT<\/li>\n<li>Jornada: Parcial manh\u00e3s<\/li>\n<li>\u00c1rea e especializa\u00e7\u00e3o profissional: Sa\u00fade &#8211; An\u00e1lise Cl\u00ednica<\/li>\n<li>N\u00edvel hier\u00e1rquico: Assistente<\/li>\n<\/ul>\n<p>Escolaridade M\u00ednima: Curso T\u00e9cnico<\/p>\n<p>Forma\u00e7\u00e3o desejada:<\/p>\n<ul>\n<li>Enfermagem, Curso T\u00e9cnico<\/li>\n<\/ul>\n<p>Sal\u00e1rio: 2200,0<\/p>\n","protected":false},"excerpt":{"rendered":"<p>?? VAGA \u2013 T\u00c9CNICO DE COLETA (VOLANTE) ?? Rio de Janeiro \u2013 RJ ? Escala: 6&#215;1 | 06h \u00e0s 12h ?? Remunera\u00e7\u00e3o: Sal\u00e1rio: R$ 1.904,85 Insalubridade: R$ 303,60 ?? Benef\u00edcios: Plano de sa\u00fade SulAm\u00e9rica (extensivo a dependentes \u2013 coparticipa\u00e7\u00e3o) | ap\u00f3s experi\u00eancia Plano odontol\u00f3gico SulAm\u00e9rica | ap\u00f3s experi\u00eancia Vale-refei\u00e7\u00e3o: R$ 15\/dia Vale transporte GymPass \/ [&hellip;]<\/p>\n","protected":false},"author":1,"featured_media":0,"comment_status":"open","ping_status":"open","sticky":false,"template":"","format":"standard","meta":{"footnotes":""},"categories":[21],"tags":[],"class_list":["post-1333","post","type-post","status-publish","format-standard","hentry","category-rio-de-janeiro-rj"],"_links":{"self":[{"href":"https:\/\/vagas.portalemprego.com.br\/index.php?rest_route=\/wp\/v2\/posts\/1333","targetHints":{"allow":["GET"]}}],"collection":[{"href":"https:\/\/vagas.portalemprego.com.br\/index.php?rest_route=\/wp\/v2\/posts"}],"about":[{"href":"https:\/\/vagas.portalemprego.com.br\/index.php?rest_route=\/wp\/v2\/types\/post"}],"author":[{"embeddable":true,"href":"https:\/\/vagas.portalemprego.com.br\/index.php?rest_route=\/wp\/v2\/users\/1"}],"replies":[{"embeddable":true,"href":"https:\/\/vagas.portalemprego.com.br\/index.php?rest_route=%2Fwp%2Fv2%2Fcomments&post=1333"}],"version-history":[{"count":0,"href":"https:\/\/vagas.portalemprego.com.br\/index.php?rest_route=\/wp\/v2\/posts\/1333\/revisions"}],"wp:attachment":[{"href":"https:\/\/vagas.portalemprego.com.br\/index.php?rest_route=%2Fwp%2Fv2%2Fmedia&parent=1333"}],"wp:term":[{"taxonomy":"category","embeddable":true,"href":"https:\/\/vagas.portalemprego.com.br\/index.php?rest_route=%2Fwp%2Fv2%2Fcategories&post=1333"},{"taxonomy":"post_tag","embeddable":true,"href":"https:\/\/vagas.portalemprego.com.br\/index.php?rest_route=%2Fwp%2Fv2%2Ftags&post=1333"}],"curies":[{"name":"wp","href":"https:\/\/api.w.org\/{rel}","templated":true}]}}