{"id":1335,"date":"2026-04-29T06:00:00","date_gmt":"2026-04-29T09:00:00","guid":{"rendered":"https:\/\/vagas.portalemprego.com.br\/?p=1335"},"modified":"2026-04-29T06:00:00","modified_gmt":"2026-04-29T09:00:00","slug":"atendente-de-restaurante-kfc-barra-da-tijuca-rj-alimentacao-gastronomia-rio-de-janeiro","status":"publish","type":"post","link":"https:\/\/vagas.portalemprego.com.br\/?p=1335","title":{"rendered":"Atendente de Restaurante &#8211; KFC &#8211; Barra da Tijuca\/RJ &#8211; Alimenta\u00e7\u00e3o \/ Gastronomia &#8211; Rio de Janeiro"},"content":{"rendered":"<p>Voc\u00ea gosta de criar rela\u00e7\u00f5es e de gerar boas experi\u00eancias?<br \/>\nJ\u00e1 pensou em trabalhar em uma das maiores redes de alimenta\u00e7\u00e3o do Brasil?<br \/>\nSe voc\u00ea respondeu sim a todas essas perguntas, estamos procurando por VOC\u00ca!<br \/>\nO que voc\u00ea vai fazer por aqui:<br \/>\n\u2022 Atendimento ao cliente;<br \/>\n\u2022 Opera\u00e7\u00e3o de caixa;<br \/>\n\u2022 Preparo de alimentos;<br \/>\n\u2022 Limpeza e organiza\u00e7\u00e3o da opera\u00e7\u00e3o;<br \/>\n\u2022 Demais atividades pertinentes ao cargo.<br \/>\nO que buscamos:<br \/>\n\u2022 Ensino Fundamental completo;<br \/>\n\u2022 Disponibilidade para atuar em hor\u00e1rio e escala de Shopping;<br \/>\n\u2022 Vontade de aprender e crescer junto com a gente! N\u00e3o \u00e9 necess\u00e1rio experi\u00eancia pr\u00e9via na fun\u00e7\u00e3o.<br \/>\nNosso match ideal \u00e9 com voc\u00ea que:<br \/>\n\u2022 \u00c9 comunicativo(a) e gosta de gente;<br \/>\n\u2022 Tem energia, proatividade e brilho nos olhos;<br \/>\n\u2022 Quer fazer parte de uma empresa que valoriza e desenvolve talentos.<br \/>\nO que oferecemos:<br \/>\n\u2022 Vale-transporte;<br \/>\n\u2022 Alimenta\u00e7\u00e3o no local;<br \/>\n\u2022 Conv\u00eanio Farm\u00e1cia;<br \/>\n\u2022 Seguro de vida;<br \/>\n\u2022 Plano de sa\u00fade;<br \/>\n\u2022 Plano odontol\u00f3gico;<br \/>\n\u2022 Total Pass (benef\u00edcio de atividade f\u00edsica);<br \/>\n\u2022 Remunera\u00e7\u00e3o vari\u00e1vel (atrelado a metas e indicadores);<br \/>\n\u2022 Plano de carreira para crescer com a gente!<br \/>\nAqui, seu talento \u00e9 reconhecido e seu esfor\u00e7o valorizado.<br \/>\nVenha fazer parte do TIME KFC!!<\/p>\n<ul>\n<li>Local de trabalho: Rio de Janeiro, RJ<\/li>\n<li>Regime de contrata\u00e7\u00e3o de tipo: Efetivo \u2013 CLT<\/li>\n<li>Jornada: Parcial noites<\/li>\n<li>\u00c1rea e especializa\u00e7\u00e3o profissional: Alimenta\u00e7\u00e3o \/ Gastronomia &#8211; Lanchonete, Fast Food, Cafeteria<\/li>\n<li>N\u00edvel hier\u00e1rquico: Operacional<\/li>\n<\/ul>\n<p>Escolaridade M\u00ednima: Ensino Fundamental (1\u00ba grau)<\/p>\n","protected":false},"excerpt":{"rendered":"<p>Voc\u00ea gosta de criar rela\u00e7\u00f5es e de gerar boas experi\u00eancias? J\u00e1 pensou em trabalhar em uma das maiores redes de alimenta\u00e7\u00e3o do Brasil? Se voc\u00ea respondeu sim a todas essas perguntas, estamos procurando por VOC\u00ca! O que voc\u00ea vai fazer por aqui: \u2022 Atendimento ao cliente; \u2022 Opera\u00e7\u00e3o de caixa; \u2022 Preparo de alimentos; \u2022 [&hellip;]<\/p>\n","protected":false},"author":1,"featured_media":0,"comment_status":"open","ping_status":"open","sticky":false,"template":"","format":"standard","meta":{"footnotes":""},"categories":[21],"tags":[],"class_list":["post-1335","post","type-post","status-publish","format-standard","hentry","category-rio-de-janeiro-rj"],"_links":{"self":[{"href":"https:\/\/vagas.portalemprego.com.br\/index.php?rest_route=\/wp\/v2\/posts\/1335","targetHints":{"allow":["GET"]}}],"collection":[{"href":"https:\/\/vagas.portalemprego.com.br\/index.php?rest_route=\/wp\/v2\/posts"}],"about":[{"href":"https:\/\/vagas.portalemprego.com.br\/index.php?rest_route=\/wp\/v2\/types\/post"}],"author":[{"embeddable":true,"href":"https:\/\/vagas.portalemprego.com.br\/index.php?rest_route=\/wp\/v2\/users\/1"}],"replies":[{"embeddable":true,"href":"https:\/\/vagas.portalemprego.com.br\/index.php?rest_route=%2Fwp%2Fv2%2Fcomments&post=1335"}],"version-history":[{"count":0,"href":"https:\/\/vagas.portalemprego.com.br\/index.php?rest_route=\/wp\/v2\/posts\/1335\/revisions"}],"wp:attachment":[{"href":"https:\/\/vagas.portalemprego.com.br\/index.php?rest_route=%2Fwp%2Fv2%2Fmedia&parent=1335"}],"wp:term":[{"taxonomy":"category","embeddable":true,"href":"https:\/\/vagas.portalemprego.com.br\/index.php?rest_route=%2Fwp%2Fv2%2Fcategories&post=1335"},{"taxonomy":"post_tag","embeddable":true,"href":"https:\/\/vagas.portalemprego.com.br\/index.php?rest_route=%2Fwp%2Fv2%2Ftags&post=1335"}],"curies":[{"name":"wp","href":"https:\/\/api.w.org\/{rel}","templated":true}]}}