{"id":1336,"date":"2026-04-29T06:00:00","date_gmt":"2026-04-29T09:00:00","guid":{"rendered":"https:\/\/vagas.portalemprego.com.br\/?p=1336"},"modified":"2026-04-29T06:00:00","modified_gmt":"2026-04-29T09:00:00","slug":"auxiliar-de-servicos-gerais-servicos-gerais-rio-de-janeiro-12","status":"publish","type":"post","link":"https:\/\/vagas.portalemprego.com.br\/?p=1336","title":{"rendered":"Auxiliar de Servi\u00e7os Gerais &#8211; Servi\u00e7os Gerais &#8211; Rio de Janeiro"},"content":{"rendered":"<p>Organiza\u00e7\u00e3o, cuidado e senso de dono fazem toda a diferen\u00e7a!<br \/>\nNa Casas Pedro, buscamos pessoas comprometidas, organizadas e que entendam que uma loja limpa e organizada \u00e9 essencial para nossos clientes.<br \/>\nResumo da posi\u00e7\u00e3o:<br \/>\nRespons\u00e1vel pela limpeza e organiza\u00e7\u00e3o di\u00e1ria das \u00e1reas comuns, como sal\u00e3o de vendas, cozinha, banheiros e corredores. Atua no controle e reposi\u00e7\u00e3o de materiais de limpeza, apoia a equipe nas rotinas operacionais e cumpre rigorosamente as normas de sa\u00fade e seguran\u00e7a para garantir um ambiente limpo, organizado e funcional.<br \/>\nAtividades:<br \/>\nRealizar a limpeza di\u00e1ria de todas as \u00e1reas comuns, incluindo sal\u00e3o de vendas, cozinha, banheiros e corredores;<br \/>\nOrganizar os suprimentos e garantir a disponibilidade de todos os materiais necess\u00e1rios para a limpeza;<br \/>\nApoiar outros membros da equipe para assegurar o bom funcionamento das opera\u00e7\u00f5es di\u00e1rias;<br \/>\nSeguir todas as diretrizes e procedimentos de sa\u00fade e seguran\u00e7a.<br \/>\nRequisitos:<br \/>\nExperi\u00eancia anterior em limpeza e conserva\u00e7\u00e3o;<br \/>\nEnsino fundamental completo;<br \/>\nDisponibilidade de hor\u00e1rio para trabalhar em finais de semana e feriados, conforme escala definida pela empresa.<br \/>\nOrganiza\u00e7\u00e3o, aten\u00e7\u00e3o, agilidade e comprometimento;<br \/>\nRemunera\u00e7\u00e3o + Benef\u00edcios:<br \/>\nSal\u00e1rio fixo + Premia\u00e7\u00e3o Mensal(conforme alcance das metas);<br \/>\nVale-Transporte (VT);<br \/>\nVale-Refei\u00e7\u00e3o ou Vale-Alimenta\u00e7\u00e3o;<br \/>\nAssist\u00eancia m\u00e9dica ;<br \/>\nPlano odontol\u00f3gica;<br \/>\nPLR semestral;<br \/>\nPlano de Carreira;<br \/>\nWelhub.<br \/>\nCada atendimento \u00e9 uma nova oportunidade de encantar e fazer a diferen\u00e7a. Vem com a gente!<\/p>\n<ul>\n<li>Local de trabalho: Rio de Janeiro, RJ<\/li>\n<li>Regime de contrata\u00e7\u00e3o de tipo: Efetivo \u2013 CLT<\/li>\n<li>Jornada: Per\u00edodo Integral<\/li>\n<li>\u00c1rea e especializa\u00e7\u00e3o profissional: Servi\u00e7os Gerais &#8211; Limpeza<\/li>\n<li>N\u00edvel hier\u00e1rquico: Auxiliar<\/li>\n<\/ul>\n<p>VALORIZADO<\/p>\n<p>Tempo de experi\u00eancia: Entre 1 e 3 anos<\/p>\n<p>HABILIDADES<\/p>\n<ul>\n<li>organiza\u00e7\u00e3o<\/li>\n<li>agilidade<\/li>\n<li>Comunica\u00e7\u00e3o<\/li>\n<li>Proatividade<\/li>\n<\/ul>\n<p>Escolaridade M\u00ednima: Ensino Fundamental (1\u00ba grau)<\/p>\n<p>Forma\u00e7\u00e3o desejada:<\/p>\n<ul>\n<li>Ensino Fundamental (1\u00ba grau)<\/li>\n<\/ul>\n<ul>\n<li>Vale-alimenta\u00e7\u00e3o<\/li>\n<li>Vale-transporte<\/li>\n<li>Assist\u00eancia odontol\u00f3gica<\/li>\n<li>Assist\u00eancia m\u00e9dica<\/li>\n<li>PLR<\/li>\n<li>Vale Refei\u00e7\u00e3o<\/li>\n<li>WellHub<\/li>\n<\/ul>\n","protected":false},"excerpt":{"rendered":"<p>Organiza\u00e7\u00e3o, cuidado e senso de dono fazem toda a diferen\u00e7a! Na Casas Pedro, buscamos pessoas comprometidas, organizadas e que entendam que uma loja limpa e organizada \u00e9 essencial para nossos clientes. Resumo da posi\u00e7\u00e3o: Respons\u00e1vel pela limpeza e organiza\u00e7\u00e3o di\u00e1ria das \u00e1reas comuns, como sal\u00e3o de vendas, cozinha, banheiros e corredores. Atua no controle e [&hellip;]<\/p>\n","protected":false},"author":1,"featured_media":0,"comment_status":"open","ping_status":"open","sticky":false,"template":"","format":"standard","meta":{"footnotes":""},"categories":[21],"tags":[],"class_list":["post-1336","post","type-post","status-publish","format-standard","hentry","category-rio-de-janeiro-rj"],"_links":{"self":[{"href":"https:\/\/vagas.portalemprego.com.br\/index.php?rest_route=\/wp\/v2\/posts\/1336","targetHints":{"allow":["GET"]}}],"collection":[{"href":"https:\/\/vagas.portalemprego.com.br\/index.php?rest_route=\/wp\/v2\/posts"}],"about":[{"href":"https:\/\/vagas.portalemprego.com.br\/index.php?rest_route=\/wp\/v2\/types\/post"}],"author":[{"embeddable":true,"href":"https:\/\/vagas.portalemprego.com.br\/index.php?rest_route=\/wp\/v2\/users\/1"}],"replies":[{"embeddable":true,"href":"https:\/\/vagas.portalemprego.com.br\/index.php?rest_route=%2Fwp%2Fv2%2Fcomments&post=1336"}],"version-history":[{"count":0,"href":"https:\/\/vagas.portalemprego.com.br\/index.php?rest_route=\/wp\/v2\/posts\/1336\/revisions"}],"wp:attachment":[{"href":"https:\/\/vagas.portalemprego.com.br\/index.php?rest_route=%2Fwp%2Fv2%2Fmedia&parent=1336"}],"wp:term":[{"taxonomy":"category","embeddable":true,"href":"https:\/\/vagas.portalemprego.com.br\/index.php?rest_route=%2Fwp%2Fv2%2Fcategories&post=1336"},{"taxonomy":"post_tag","embeddable":true,"href":"https:\/\/vagas.portalemprego.com.br\/index.php?rest_route=%2Fwp%2Fv2%2Ftags&post=1336"}],"curies":[{"name":"wp","href":"https:\/\/api.w.org\/{rel}","templated":true}]}}