{"id":1340,"date":"2026-04-29T06:00:00","date_gmt":"2026-04-29T09:00:00","guid":{"rendered":"https:\/\/vagas.portalemprego.com.br\/?p=1340"},"modified":"2026-04-29T06:00:00","modified_gmt":"2026-04-29T09:00:00","slug":"barman-hotel-barra-da-tijuca-16-as-000-alimentacao-gastronomia-rio-de-janeiro","status":"publish","type":"post","link":"https:\/\/vagas.portalemprego.com.br\/?p=1340","title":{"rendered":"BARMAN &#8211; HOTEL BARRA DA TIJUCA (16 \u00e0s 0:00) &#8211; Alimenta\u00e7\u00e3o \/ Gastronomia &#8211; Rio de Janeiro"},"content":{"rendered":"<p>Requisitos:<br \/>\nExperi\u00eancia em elabora\u00e7\u00e3o e execu\u00e7\u00e3o de drinks;<br \/>\nExperi\u00eancia em requisi\u00e7\u00e3o de materiais (da \u00e1rea do bar);<br \/>\nBoa comunica\u00e7\u00e3o;<br \/>\nIngl\u00eas intermedi\u00e1rio;<\/p>\n<p>Locais com vagas dispon\u00edveis: Barra da Tijuca (RJ)<br \/>\nEscala:  16h00 \u00e0s 00h00 &#8211; 6&#215;1 (1 folga em dia \u00fatil por semana + 1 domingo de folga por m\u00eas)<\/p>\n<ul>\n<li>N\u00famero de vagas: 2<\/li>\n<li>Local de trabalho: Rio de Janeiro, RJ<\/li>\n<li>Regime de contrata\u00e7\u00e3o de tipo: Efetivo \u2013 CLT<\/li>\n<li>Jornada: Per\u00edodo Integral<\/li>\n<li>\u00c1rea e especializa\u00e7\u00e3o profissional: Alimenta\u00e7\u00e3o \/ Gastronomia &#8211; Atendente \/ Recep\u00e7\u00e3o \/ Gar\u00e7om<\/li>\n<li>N\u00edvel hier\u00e1rquico: Operacional<\/li>\n<\/ul>\n<p>HABILIDADES<\/p>\n<ul>\n<li>lideran\u00e7a de equipe<\/li>\n<li>assertividade<\/li>\n<li>comprometimento<\/li>\n<li>administra\u00e7\u00e3o de tempo<\/li>\n<\/ul>\n<p>Escolaridade M\u00ednima: Ensino M\u00e9dio (2\u00ba Grau)<\/p>\n<p>Forma\u00e7\u00e3o desejada:<\/p>\n<ul>\n<li>Ensino Fundamental (1\u00ba grau)<\/li>\n<\/ul>\n<p>Idiomas:<\/p>\n<ul>\n<li>Ingl\u00eas (Intermedi\u00e1rio)<\/li>\n<\/ul>\n<ul>\n<li>Uniforme<\/li>\n<li>Refei\u00e7\u00e3o no local<\/li>\n<li>Assist\u00eancia odontol\u00f3gica<\/li>\n<li>Conv\u00eanios &amp; Benef\u00edcios<\/li>\n<li>Vale-alimenta\u00e7\u00e3o<\/li>\n<li>Assist\u00eancia m\u00e9dica<\/li>\n<li>Vale-transporte<\/li>\n<\/ul>\n","protected":false},"excerpt":{"rendered":"<p>Requisitos: Experi\u00eancia em elabora\u00e7\u00e3o e execu\u00e7\u00e3o de drinks; Experi\u00eancia em requisi\u00e7\u00e3o de materiais (da \u00e1rea do bar); Boa comunica\u00e7\u00e3o; Ingl\u00eas intermedi\u00e1rio; Locais com vagas dispon\u00edveis: Barra da Tijuca (RJ) Escala: 16h00 \u00e0s 00h00 &#8211; 6&#215;1 (1 folga em dia \u00fatil por semana + 1 domingo de folga por m\u00eas) N\u00famero de vagas: 2 Local de [&hellip;]<\/p>\n","protected":false},"author":1,"featured_media":0,"comment_status":"open","ping_status":"open","sticky":false,"template":"","format":"standard","meta":{"footnotes":""},"categories":[21],"tags":[],"class_list":["post-1340","post","type-post","status-publish","format-standard","hentry","category-rio-de-janeiro-rj"],"_links":{"self":[{"href":"https:\/\/vagas.portalemprego.com.br\/index.php?rest_route=\/wp\/v2\/posts\/1340","targetHints":{"allow":["GET"]}}],"collection":[{"href":"https:\/\/vagas.portalemprego.com.br\/index.php?rest_route=\/wp\/v2\/posts"}],"about":[{"href":"https:\/\/vagas.portalemprego.com.br\/index.php?rest_route=\/wp\/v2\/types\/post"}],"author":[{"embeddable":true,"href":"https:\/\/vagas.portalemprego.com.br\/index.php?rest_route=\/wp\/v2\/users\/1"}],"replies":[{"embeddable":true,"href":"https:\/\/vagas.portalemprego.com.br\/index.php?rest_route=%2Fwp%2Fv2%2Fcomments&post=1340"}],"version-history":[{"count":0,"href":"https:\/\/vagas.portalemprego.com.br\/index.php?rest_route=\/wp\/v2\/posts\/1340\/revisions"}],"wp:attachment":[{"href":"https:\/\/vagas.portalemprego.com.br\/index.php?rest_route=%2Fwp%2Fv2%2Fmedia&parent=1340"}],"wp:term":[{"taxonomy":"category","embeddable":true,"href":"https:\/\/vagas.portalemprego.com.br\/index.php?rest_route=%2Fwp%2Fv2%2Fcategories&post=1340"},{"taxonomy":"post_tag","embeddable":true,"href":"https:\/\/vagas.portalemprego.com.br\/index.php?rest_route=%2Fwp%2Fv2%2Ftags&post=1340"}],"curies":[{"name":"wp","href":"https:\/\/api.w.org\/{rel}","templated":true}]}}