{"id":1341,"date":"2026-04-29T06:00:00","date_gmt":"2026-04-29T09:00:00","guid":{"rendered":"https:\/\/vagas.portalemprego.com.br\/?p=1341"},"modified":"2026-04-29T06:00:00","modified_gmt":"2026-04-29T09:00:00","slug":"assistente-administrativo-i-pcd-administracao-rio-de-janeiro","status":"publish","type":"post","link":"https:\/\/vagas.portalemprego.com.br\/?p=1341","title":{"rendered":"ASSISTENTE ADMINISTRATIVO I (PCD) &#8211; Administra\u00e7\u00e3o &#8211; Rio de Janeiro"},"content":{"rendered":"<p>Azzas 2154 | Fashion &amp; Lifestyle<br \/>\nSomos uma unidade de neg\u00f3cios do Grupo Azzas 2154, dedicada \u00e0 constru\u00e7\u00e3o e gest\u00e3o de marcas que conectam moda, estilo e lifestyle.<br \/>\nFazemos parte de um movimento hist\u00f3rico que consolidou o Azzas 2154 como o maior grupo de moda da Am\u00e9rica Latina, reunindo 28 marcas que combinam inova\u00e7\u00e3o, identidade e desejo.<br \/>\nNa unidade Fashion &amp; Lifestyle, desenvolvemos e impulsionamos marcas que traduzem comportamento, criatividade e prop\u00f3sito, sempre conectadas \u00e0s transforma\u00e7\u00f5es do mercado e \u00e0s experi\u00eancias que inspiram nossos clientes.<br \/>\nNossa estrat\u00e9gia \u00e9 fortalecer marcas relevantes, inovadoras e desejadas, mantendo a ess\u00eancia que sempre nos guiou: mente aberta, sonhos grandes e compromisso com pessoas e resultados.<br \/>\nSeguimos construindo o futuro da moda e do lifestyle com prop\u00f3sito, autenticidade e orgulho de fazer parte de algo maior.<br \/>\nSomos Azzas 2154.<br \/>\nPrincipais atividades:<br \/>\nControle e atualiza\u00e7\u00e3o de planilhas;<br \/>\nSuporte \u00e0s rotinas administrativas do setor;<br \/>\nAtendimento e apoio aos gestores;<br \/>\nOrganiza\u00e7\u00e3o de documentos e informa\u00e7\u00f5es.<br \/>\nRequisitos:<br \/>\nEnsino m\u00e9dio completo;<br \/>\nLaudo atualizado com CID;<br \/>\nConhecimento b\u00e1sico em pacote Office, especialmente Excel;<br \/>\nOrganiza\u00e7\u00e3o, aten\u00e7\u00e3o e boa comunica\u00e7\u00e3o.<br \/>\n?? Vaga exclusiva para Pessoas com Defici\u00eancia (PCD).<br \/>\nA NOSSA POL\u00cdTICA DE CONTRATA\u00c7\u00c3O N\u00c3O DISCRIMINA G\u00caNERO, RA\u00c7A\/COR, RELIGI\u00c3O, ORIENTA\u00c7\u00c3O SEXUAL, IDADE, CONDI\u00c7\u00c3O DE HIV E DEFICI\u00caNCIA INTELECTUAL OU F\u00cdSICA.<\/p>\n<ul>\n<li>N\u00famero de vagas: 2<\/li>\n<li>Local de trabalho: Rio de Janeiro, RJ<\/li>\n<li>Regime de contrata\u00e7\u00e3o de tipo: Efetivo \u2013 CLT<\/li>\n<li>Jornada: Per\u00edodo Integral<\/li>\n<li>\u00c1rea e especializa\u00e7\u00e3o profissional: Administra\u00e7\u00e3o &#8211; Administra\u00e7\u00e3o Geral<\/li>\n<li>N\u00edvel hier\u00e1rquico: Assistente<\/li>\n<\/ul>\n<p>VALORIZADO<\/p>\n<p>Tempo de experi\u00eancia: Sem experi\u00eancia<\/p>\n<p>Escolaridade M\u00ednima: Ensino M\u00e9dio (2\u00ba Grau)<\/p>\n<ul>\n<li>Plano Odontol\u00f3gico<\/li>\n<li>Vale Alimenta\u00e7\u00e3o<\/li>\n<li>Vale Transporte<\/li>\n<li>Plano de Sa\u00fade<\/li>\n<li>Descontos nas marcas do grupo<\/li>\n<li>PLR<\/li>\n<li>Desconto em faculdades e cursos de ingl\u00eas<\/li>\n<li>Day off de anivers\u00e1rio<\/li>\n<li>Wellhub (antigo Gympass)<\/li>\n<\/ul>\n","protected":false},"excerpt":{"rendered":"<p>Azzas 2154 | Fashion &amp; Lifestyle Somos uma unidade de neg\u00f3cios do Grupo Azzas 2154, dedicada \u00e0 constru\u00e7\u00e3o e gest\u00e3o de marcas que conectam moda, estilo e lifestyle. Fazemos parte de um movimento hist\u00f3rico que consolidou o Azzas 2154 como o maior grupo de moda da Am\u00e9rica Latina, reunindo 28 marcas que combinam inova\u00e7\u00e3o, identidade [&hellip;]<\/p>\n","protected":false},"author":1,"featured_media":0,"comment_status":"open","ping_status":"open","sticky":false,"template":"","format":"standard","meta":{"footnotes":""},"categories":[21],"tags":[],"class_list":["post-1341","post","type-post","status-publish","format-standard","hentry","category-rio-de-janeiro-rj"],"_links":{"self":[{"href":"https:\/\/vagas.portalemprego.com.br\/index.php?rest_route=\/wp\/v2\/posts\/1341","targetHints":{"allow":["GET"]}}],"collection":[{"href":"https:\/\/vagas.portalemprego.com.br\/index.php?rest_route=\/wp\/v2\/posts"}],"about":[{"href":"https:\/\/vagas.portalemprego.com.br\/index.php?rest_route=\/wp\/v2\/types\/post"}],"author":[{"embeddable":true,"href":"https:\/\/vagas.portalemprego.com.br\/index.php?rest_route=\/wp\/v2\/users\/1"}],"replies":[{"embeddable":true,"href":"https:\/\/vagas.portalemprego.com.br\/index.php?rest_route=%2Fwp%2Fv2%2Fcomments&post=1341"}],"version-history":[{"count":0,"href":"https:\/\/vagas.portalemprego.com.br\/index.php?rest_route=\/wp\/v2\/posts\/1341\/revisions"}],"wp:attachment":[{"href":"https:\/\/vagas.portalemprego.com.br\/index.php?rest_route=%2Fwp%2Fv2%2Fmedia&parent=1341"}],"wp:term":[{"taxonomy":"category","embeddable":true,"href":"https:\/\/vagas.portalemprego.com.br\/index.php?rest_route=%2Fwp%2Fv2%2Fcategories&post=1341"},{"taxonomy":"post_tag","embeddable":true,"href":"https:\/\/vagas.portalemprego.com.br\/index.php?rest_route=%2Fwp%2Fv2%2Ftags&post=1341"}],"curies":[{"name":"wp","href":"https:\/\/api.w.org\/{rel}","templated":true}]}}