{"id":1342,"date":"2026-04-29T06:00:00","date_gmt":"2026-04-29T09:00:00","guid":{"rendered":"https:\/\/vagas.portalemprego.com.br\/?p=1342"},"modified":"2026-04-29T06:00:00","modified_gmt":"2026-04-29T09:00:00","slug":"atendente-operador-de-caixa-comercial-vendas-rio-de-janeiro","status":"publish","type":"post","link":"https:\/\/vagas.portalemprego.com.br\/?p=1342","title":{"rendered":"Atendente | Operador de Caixa &#8211; Comercial, Vendas &#8211; Rio de Janeiro"},"content":{"rendered":"<p>Principais atividades:<br \/>\nAtendimento e direcionamento de clientes<br \/>\nReposi\u00e7\u00e3o, precifica\u00e7\u00e3o e organiza\u00e7\u00e3o de mercadorias<br \/>\nAuxilio nas rotinas gerais de loja<\/p>\n<p>Requisitos:<br \/>\nEnsino m\u00e9dio completo<\/p>\n<p>Benef\u00edcios:<br \/>\nVT<br \/>\nRefei\u00e7\u00e3o no local<br \/>\nCesta b\u00e1sica<br \/>\nCesta de Natal<br \/>\nAssist\u00eancia M\u00e9dica<br \/>\nAssist\u00eancia Odontol\u00f3gica<br \/>\nConv\u00eanio com institui\u00e7\u00f5es ensino<br \/>\nConv\u00eanio\u00a0SESC<br \/>\nDescontos\u00a0em\u00a0produtos\u00a0Venancio\u00a0e\u00a0vacina\u00e7\u00e3o<br \/>\nTotal Pass<br \/>\nSeguro de Vida<br \/>\nPlataforma Wellz &#8211; Apoio psicol\u00f3gico<\/p>\n<p>Jornada de Trabalho<br \/>\nEscala 6X1<br \/>\n44 horas semanais<br \/>\nHor\u00e1rio: 14:50 \u00e0s 23:10<\/p>\n<p>Etapas\u00a0do\u00a0Processo<br \/>\nCadastro<br \/>\nTeste\u00a0online<br \/>\nEntrevista\u00a0com\u00a0o\u00a0Recrutador<br \/>\nEntrevista\u00a0com\u00a0o\u00a0Gerente<br \/>\nProposta\u00a0e\u00a0ASO<br \/>\nContrata\u00e7\u00e3o<\/p>\n<ul>\n<li>N\u00famero de vagas: 10<\/li>\n<li>Local de trabalho: Rio de Janeiro, RJ<\/li>\n<li>Regime de contrata\u00e7\u00e3o de tipo: Efetivo \u2013 CLT<\/li>\n<li>Jornada: Per\u00edodo Integral<\/li>\n<li>\u00c1rea e especializa\u00e7\u00e3o profissional: Comercial, Vendas &#8211; Atendimento<\/li>\n<li>N\u00edvel hier\u00e1rquico: Operacional<\/li>\n<\/ul>\n<p>VALORIZADO<\/p>\n<p>Tempo de experi\u00eancia: Entre 1 e 3 anos<\/p>\n<p>HABILIDADES<\/p>\n<ul>\n<li>Relacionamento Interpessoal<\/li>\n<li>Atendimento ao cliente<\/li>\n<li>Boa comunica\u00e7\u00e3o<\/li>\n<li>Vendas<\/li>\n<li>Organiza\u00e7\u00e3o<\/li>\n<\/ul>\n<p>Escolaridade M\u00ednima: Ensino M\u00e9dio (2\u00ba Grau)<\/p>\n<ul>\n<li>Assist\u00eancia m\u00e9dica<\/li>\n<li>Vale Transporte<\/li>\n<li>Parceria com empresas na \u00e1rea da Educa\u00e7\u00e3o<\/li>\n<li>Assist\u00eancia odontol\u00f3gica<\/li>\n<li>Refei\u00e7\u00e3o no local<\/li>\n<li>Total Pass<\/li>\n<li>Cesta de Natal<\/li>\n<li>Seguro de Vida<\/li>\n<li>Apoio psicol\u00f3gico<\/li>\n<li>Cesta b\u00e1sica<\/li>\n<\/ul>\n","protected":false},"excerpt":{"rendered":"<p>Principais atividades: Atendimento e direcionamento de clientes Reposi\u00e7\u00e3o, precifica\u00e7\u00e3o e organiza\u00e7\u00e3o de mercadorias Auxilio nas rotinas gerais de loja Requisitos: Ensino m\u00e9dio completo Benef\u00edcios: VT Refei\u00e7\u00e3o no local Cesta b\u00e1sica Cesta de Natal Assist\u00eancia M\u00e9dica Assist\u00eancia Odontol\u00f3gica Conv\u00eanio com institui\u00e7\u00f5es ensino Conv\u00eanio\u00a0SESC Descontos\u00a0em\u00a0produtos\u00a0Venancio\u00a0e\u00a0vacina\u00e7\u00e3o Total Pass Seguro de Vida Plataforma Wellz &#8211; Apoio psicol\u00f3gico Jornada de [&hellip;]<\/p>\n","protected":false},"author":1,"featured_media":0,"comment_status":"open","ping_status":"open","sticky":false,"template":"","format":"standard","meta":{"footnotes":""},"categories":[21],"tags":[],"class_list":["post-1342","post","type-post","status-publish","format-standard","hentry","category-rio-de-janeiro-rj"],"_links":{"self":[{"href":"https:\/\/vagas.portalemprego.com.br\/index.php?rest_route=\/wp\/v2\/posts\/1342","targetHints":{"allow":["GET"]}}],"collection":[{"href":"https:\/\/vagas.portalemprego.com.br\/index.php?rest_route=\/wp\/v2\/posts"}],"about":[{"href":"https:\/\/vagas.portalemprego.com.br\/index.php?rest_route=\/wp\/v2\/types\/post"}],"author":[{"embeddable":true,"href":"https:\/\/vagas.portalemprego.com.br\/index.php?rest_route=\/wp\/v2\/users\/1"}],"replies":[{"embeddable":true,"href":"https:\/\/vagas.portalemprego.com.br\/index.php?rest_route=%2Fwp%2Fv2%2Fcomments&post=1342"}],"version-history":[{"count":0,"href":"https:\/\/vagas.portalemprego.com.br\/index.php?rest_route=\/wp\/v2\/posts\/1342\/revisions"}],"wp:attachment":[{"href":"https:\/\/vagas.portalemprego.com.br\/index.php?rest_route=%2Fwp%2Fv2%2Fmedia&parent=1342"}],"wp:term":[{"taxonomy":"category","embeddable":true,"href":"https:\/\/vagas.portalemprego.com.br\/index.php?rest_route=%2Fwp%2Fv2%2Fcategories&post=1342"},{"taxonomy":"post_tag","embeddable":true,"href":"https:\/\/vagas.portalemprego.com.br\/index.php?rest_route=%2Fwp%2Fv2%2Ftags&post=1342"}],"curies":[{"name":"wp","href":"https:\/\/api.w.org\/{rel}","templated":true}]}}