{"id":1345,"date":"2026-04-29T06:00:00","date_gmt":"2026-04-29T09:00:00","guid":{"rendered":"https:\/\/vagas.portalemprego.com.br\/?p=1345"},"modified":"2026-04-29T06:00:00","modified_gmt":"2026-04-29T09:00:00","slug":"vendedor-comercial-vendas-rio-de-janeiro-4","status":"publish","type":"post","link":"https:\/\/vagas.portalemprego.com.br\/?p=1345","title":{"rendered":"Vendedor &#8211; Comercial, Vendas &#8211; Rio de Janeiro"},"content":{"rendered":"<p>Voc\u00ea \u00e9 apaixonado por vendas, tecnologia e desafios? N\u00f3s da Alian\u00e7a Empresas estamos em busca de um Vendedor din\u00e2mico e determinado para fazer parte da nossa equipe!<\/p>\n<p>O que voc\u00ea vai fazer:?<br \/>\nProspec\u00e7\u00e3o ativa de clientes, oferecendo solu\u00e7\u00f5es personalizadas para empresas e consumidores finais.<br \/>\nRealizar vendas de planos de telefonia, internet e outros produtos Claro.<br \/>\nEntender as necessidades dos clientes e apresentar as melhores op\u00e7\u00f5es de pacotes e planos.<br \/>\nAcompanhar o processo de venda, desde a negocia\u00e7\u00e3o at\u00e9 o fechamento.<br \/>\nManter relacionamentos s\u00f3lidos com os clientes, garantindo sua satisfa\u00e7\u00e3o e fideliza\u00e7\u00e3o.<\/p>\n<p>Requisitos: ??<br \/>\nExperi\u00eancia pr\u00e9via em vendas, preferencialmente em B2B ou televendas.<br \/>\nExcelente comunica\u00e7\u00e3o e habilidade para negocia\u00e7\u00e3o.<br \/>\nF\u00e1cil acesso a regi\u00e3o<br \/>\nConhecimento b\u00e1sico de inform\u00e1tica e ferramentas de vendas.<\/p>\n<p>O que oferecemos: ??<br \/>\nTreinamentos cont\u00ednuos e programas de desenvolvimento.<br \/>\nComiss\u00f5es atrativas e b\u00f4nus por metas alcan\u00e7adas.<br \/>\nOportunidade de crescimento dentro de uma das maiores representantes Claro Empresas do Brasil!<\/p>\n<p>Local de trabalho:??<br \/>\nRua Bar\u00e3o do Bom Retiro, N\u00b0 548 | Engenho Novo (Quarteir\u00e3o seguinte do Col\u00e9gio Pedro Segundo) &#8211; Link localiza\u00e7\u00e3o: https:\/\/maps.app.goo.gl\/jFvt6Jn9Zea6GFZ76<\/p>\n<p>Jornada:??<br \/>\nSegunda \u00e0 sexta &#8211; 08h00 \u00e0s 17h48<\/p>\n<p>Se voc\u00ea \u00e9 movido por desafios e quer fazer parte de um time de alta performance, envie seu curr\u00edculo agora mesmo!<\/p>\n<ul>\n<li>Local de trabalho: Rio de Janeiro, RJ<\/li>\n<li>Regime de contrata\u00e7\u00e3o de tipo: Efetivo \u2013 CLT<\/li>\n<li>Jornada: Per\u00edodo Integral<\/li>\n<li>\u00c1rea e especializa\u00e7\u00e3o profissional: Comercial, Vendas &#8211; Atendimento<\/li>\n<li>N\u00edvel hier\u00e1rquico: Operacional<\/li>\n<\/ul>\n<p>VALORIZADO<\/p>\n<p>Tempo de experi\u00eancia: Menos de 1 ano<\/p>\n<p>Escolaridade M\u00ednima: Ensino M\u00e9dio (2\u00ba Grau)<\/p>\n<p>Sal\u00e1rio: 4000,0<\/p>\n","protected":false},"excerpt":{"rendered":"<p>Voc\u00ea \u00e9 apaixonado por vendas, tecnologia e desafios? N\u00f3s da Alian\u00e7a Empresas estamos em busca de um Vendedor din\u00e2mico e determinado para fazer parte da nossa equipe! O que voc\u00ea vai fazer:? Prospec\u00e7\u00e3o ativa de clientes, oferecendo solu\u00e7\u00f5es personalizadas para empresas e consumidores finais. Realizar vendas de planos de telefonia, internet e outros produtos Claro. [&hellip;]<\/p>\n","protected":false},"author":1,"featured_media":0,"comment_status":"open","ping_status":"open","sticky":false,"template":"","format":"standard","meta":{"footnotes":""},"categories":[21],"tags":[],"class_list":["post-1345","post","type-post","status-publish","format-standard","hentry","category-rio-de-janeiro-rj"],"_links":{"self":[{"href":"https:\/\/vagas.portalemprego.com.br\/index.php?rest_route=\/wp\/v2\/posts\/1345","targetHints":{"allow":["GET"]}}],"collection":[{"href":"https:\/\/vagas.portalemprego.com.br\/index.php?rest_route=\/wp\/v2\/posts"}],"about":[{"href":"https:\/\/vagas.portalemprego.com.br\/index.php?rest_route=\/wp\/v2\/types\/post"}],"author":[{"embeddable":true,"href":"https:\/\/vagas.portalemprego.com.br\/index.php?rest_route=\/wp\/v2\/users\/1"}],"replies":[{"embeddable":true,"href":"https:\/\/vagas.portalemprego.com.br\/index.php?rest_route=%2Fwp%2Fv2%2Fcomments&post=1345"}],"version-history":[{"count":0,"href":"https:\/\/vagas.portalemprego.com.br\/index.php?rest_route=\/wp\/v2\/posts\/1345\/revisions"}],"wp:attachment":[{"href":"https:\/\/vagas.portalemprego.com.br\/index.php?rest_route=%2Fwp%2Fv2%2Fmedia&parent=1345"}],"wp:term":[{"taxonomy":"category","embeddable":true,"href":"https:\/\/vagas.portalemprego.com.br\/index.php?rest_route=%2Fwp%2Fv2%2Fcategories&post=1345"},{"taxonomy":"post_tag","embeddable":true,"href":"https:\/\/vagas.portalemprego.com.br\/index.php?rest_route=%2Fwp%2Fv2%2Ftags&post=1345"}],"curies":[{"name":"wp","href":"https:\/\/api.w.org\/{rel}","templated":true}]}}