{"id":1347,"date":"2026-04-29T06:00:00","date_gmt":"2026-04-29T09:00:00","guid":{"rendered":"https:\/\/vagas.portalemprego.com.br\/?p=1347"},"modified":"2026-04-29T06:00:00","modified_gmt":"2026-04-29T09:00:00","slug":"tecnico-de-ti-informatica-ti-telecomunicacoes-rio-de-janeiro","status":"publish","type":"post","link":"https:\/\/vagas.portalemprego.com.br\/?p=1347","title":{"rendered":"T\u00e9cnico de TI &#8211; Inform\u00e1tica, TI, Telecomunica\u00e7\u00f5es &#8211; Rio de Janeiro"},"content":{"rendered":"<p>Estamos desde 2011 nos consolidando no mercado, como uma empresa especializada em solu\u00e7\u00f5es de TI. Com um portf\u00f3lio de servi\u00e7os de End User Support e Professional Services.<br \/>\nEstamos ampliando ainda mais a nossa presen\u00e7a no mercado e tendo mais de 70 profissionais distribu\u00eddos em diversas regi\u00f5es do pa\u00eds, atendendo 100% do territ\u00f3rio nacional.<br \/>\nAtualmente, somos uma empresa com refer\u00eancias em nossos servi\u00e7os ofertados, para grandes Players do Mercado, atendendo grandes clientes IT, como por exemplo: Algar, Stefanini, Sonda IT, Tech Mahindra, Atos, Positivo, Atento e outros.<br \/>\nGostou? Veja a oportunidade que estamos oferecendo:<br \/>\nT\u00e9cnico de TI<br \/>\n??Tipo de oportunidade: CLT;\u00a0<br \/>\n??Modelo: Presencial &#8211; Per\u00edodo Indeterminado;\u00a0<br \/>\n?? Rio de Janeiro &#8211; RJ<br \/>\n? Segunda \u00e0 Sexta-feira | Hor\u00e1rio Comercial.\u00a0<br \/>\nResponsabilidades:\u00a0<br \/>\nDesempenhar atividades de crimpagem, instala\u00e7\u00e3o e identifica\u00e7\u00e3o de elementos passivos de rede, tais como cabos de rede, patch paneis e organizadores.<br \/>\nExecutar a instala\u00e7\u00e3o, ativa\u00e7\u00e3o, manuten\u00e7\u00e3o, testes e desativa\u00e7\u00e3o de pontos de rede l\u00f3gica, utilizando cabeamento UTP ou fibra \u00f3ptica (cord\u00f5es \u00f3pticos), conforme necessidade dos equipamentos de TI;<br \/>\nDiagnosticar, de forma presencial, problemas de conectividade, tanto em redes cabeadas quanto sem fio, em microcomputadores, impressoras e demais equipamentos de TIC;<br \/>\nPrestar suporte t\u00e9cnico para configura\u00e7\u00e3o e diagn\u00f3stico de problemas de conex\u00e3o sem fio em dispositivos como smartphones, tablets, notebooks, smart TVs, assistentes virtuais e equipamentos de streaming de m\u00eddia.<br \/>\nRequisitos e Qualifica\u00e7\u00f5es:\u00a0<br \/>\nEnsino superior completo ou cursando na \u00e1rea de TI ou correlacionados;<br \/>\nExperi\u00eancia m\u00ednima de 6 (seis) meses em atividades de suporte presencial em rede;<br \/>\nViv\u00eancia nas atividades descritas.<\/p>\n<ul>\n<li>N\u00famero de vagas: 3<\/li>\n<li>Local de trabalho: Rio de Janeiro, RJ<\/li>\n<li>Regime de contrata\u00e7\u00e3o de tipo: Efetivo \u2013 CLT<\/li>\n<li>Jornada: Per\u00edodo Integral<\/li>\n<li>\u00c1rea e especializa\u00e7\u00e3o profissional: Inform\u00e1tica, TI, Telecomunica\u00e7\u00f5es &#8211; TI<\/li>\n<li>N\u00edvel hier\u00e1rquico: Assistente<\/li>\n<\/ul>\n<p>VALORIZADO<\/p>\n<p>Tempo de experi\u00eancia: Entre 1 e 3 anos<\/p>\n<p>Escolaridade M\u00ednima: Curso T\u00e9cnico<\/p>\n<p>Forma\u00e7\u00e3o desejada:<\/p>\n<ul>\n<li>Inform\u00e1tica, Curso T\u00e9cnico<\/li>\n<li>Inform\u00e1tica para internet, Curso T\u00e9cnico<\/li>\n<li>Manuten\u00e7\u00e3o e suporte em inform\u00e1tica, Curso T\u00e9cnico<\/li>\n<\/ul>\n<ul>\n<li>Vale-transporte<\/li>\n<li>Seguro de Vida<\/li>\n<li>Plano odontol\u00f3gico<\/li>\n<li>Bolsa Faculdade<\/li>\n<li>Vale Alimenta\u00e7\u00e3o<\/li>\n<li>Vale Refei\u00e7\u00e3o<\/li>\n<li>Convenio M\u00e9dico<\/li>\n<\/ul>\n<p>Sal\u00e1rio: 2000,0<\/p>\n","protected":false},"excerpt":{"rendered":"<p>Estamos desde 2011 nos consolidando no mercado, como uma empresa especializada em solu\u00e7\u00f5es de TI. Com um portf\u00f3lio de servi\u00e7os de End User Support e Professional Services. Estamos ampliando ainda mais a nossa presen\u00e7a no mercado e tendo mais de 70 profissionais distribu\u00eddos em diversas regi\u00f5es do pa\u00eds, atendendo 100% do territ\u00f3rio nacional. Atualmente, somos [&hellip;]<\/p>\n","protected":false},"author":1,"featured_media":0,"comment_status":"open","ping_status":"open","sticky":false,"template":"","format":"standard","meta":{"footnotes":""},"categories":[21],"tags":[],"class_list":["post-1347","post","type-post","status-publish","format-standard","hentry","category-rio-de-janeiro-rj"],"_links":{"self":[{"href":"https:\/\/vagas.portalemprego.com.br\/index.php?rest_route=\/wp\/v2\/posts\/1347","targetHints":{"allow":["GET"]}}],"collection":[{"href":"https:\/\/vagas.portalemprego.com.br\/index.php?rest_route=\/wp\/v2\/posts"}],"about":[{"href":"https:\/\/vagas.portalemprego.com.br\/index.php?rest_route=\/wp\/v2\/types\/post"}],"author":[{"embeddable":true,"href":"https:\/\/vagas.portalemprego.com.br\/index.php?rest_route=\/wp\/v2\/users\/1"}],"replies":[{"embeddable":true,"href":"https:\/\/vagas.portalemprego.com.br\/index.php?rest_route=%2Fwp%2Fv2%2Fcomments&post=1347"}],"version-history":[{"count":0,"href":"https:\/\/vagas.portalemprego.com.br\/index.php?rest_route=\/wp\/v2\/posts\/1347\/revisions"}],"wp:attachment":[{"href":"https:\/\/vagas.portalemprego.com.br\/index.php?rest_route=%2Fwp%2Fv2%2Fmedia&parent=1347"}],"wp:term":[{"taxonomy":"category","embeddable":true,"href":"https:\/\/vagas.portalemprego.com.br\/index.php?rest_route=%2Fwp%2Fv2%2Fcategories&post=1347"},{"taxonomy":"post_tag","embeddable":true,"href":"https:\/\/vagas.portalemprego.com.br\/index.php?rest_route=%2Fwp%2Fv2%2Ftags&post=1347"}],"curies":[{"name":"wp","href":"https:\/\/api.w.org\/{rel}","templated":true}]}}