{"id":1352,"date":"2026-04-29T06:00:00","date_gmt":"2026-04-29T09:00:00","guid":{"rendered":"https:\/\/vagas.portalemprego.com.br\/?p=1352"},"modified":"2026-04-29T06:00:00","modified_gmt":"2026-04-29T09:00:00","slug":"tecnico-de-qualidade-metrologia-ii-qualidade-porto-real","status":"publish","type":"post","link":"https:\/\/vagas.portalemprego.com.br\/?p=1352","title":{"rendered":"T\u00e9cnico de Qualidade Metrologia II &#8211; Qualidade &#8211; Porto Real"},"content":{"rendered":"<p>Atuar nas atividades de metrologia, assegurando a calibra\u00e7\u00e3o, controle e confiabilidade dos instrumentos de medi\u00e7\u00e3o, garantindo a conformidade dos processos e produtos com os padr\u00f5es de qualidade estabelecidos.<br \/>\nPrincipais responsabilidades<br \/>\nRealizar calibra\u00e7\u00e3o e verifica\u00e7\u00e3o de instrumentos de medi\u00e7\u00e3o<br \/>\nControlar e manter o sistema de gest\u00e3o de equipamentos de medi\u00e7\u00e3o<br \/>\nGarantir a rastreabilidade metrol\u00f3gica dos instrumentos<br \/>\nApoiar auditorias internas e externas relacionadas \u00e0 qualidade e metrologia<br \/>\nIdentificar e tratar desvios e n\u00e3o conformidades em medi\u00e7\u00f5es<br \/>\nElaborar relat\u00f3rios t\u00e9cnicos e certificados de calibra\u00e7\u00e3o<br \/>\nOrientar \u00e1reas quanto ao uso correto de instrumentos de medi\u00e7\u00e3o<br \/>\nRequisitos<br \/>\nEnsino t\u00e9cnico completo (Metrologia, Mec\u00e2nica, Qualidade ou \u00e1reas correlatas)<br \/>\nExperi\u00eancia em atividades de metrologia e calibra\u00e7\u00e3o<br \/>\nConhecimento em normas e sistemas de gest\u00e3o da qualidade (ISO 9001 e\/ou ISO 17025)<br \/>\nFamiliaridade com instrumentos de medi\u00e7\u00e3o e controle dimensional<br \/>\nPacote Office intermedi\u00e1rio<br \/>\nCompet\u00eancias comportamentais<br \/>\nAten\u00e7\u00e3o aos detalhes<br \/>\nOrganiza\u00e7\u00e3o e controle<br \/>\nRacioc\u00ednio l\u00f3gico<br \/>\nProatividade<br \/>\nComunica\u00e7\u00e3o clara<br \/>\nTrabalho em equipe<\/p>\n<ul>\n<li>N\u00famero de vagas: 2<\/li>\n<li>Local de trabalho: Porto Real, RJ<\/li>\n<li>Regime de contrata\u00e7\u00e3o de tipo: Efetivo \u2013 CLT<\/li>\n<li>Jornada: Per\u00edodo Integral<\/li>\n<li>\u00c1rea e especializa\u00e7\u00e3o profissional: Qualidade &#8211; Qualidade<\/li>\n<li>N\u00edvel hier\u00e1rquico: Analista<\/li>\n<\/ul>\n<p>VALORIZADO<\/p>\n<p>Tempo de experi\u00eancia: Entre 1 e 3 anos<\/p>\n<p>Escolaridade M\u00ednima: Curso T\u00e9cnico<\/p>\n","protected":false},"excerpt":{"rendered":"<p>Atuar nas atividades de metrologia, assegurando a calibra\u00e7\u00e3o, controle e confiabilidade dos instrumentos de medi\u00e7\u00e3o, garantindo a conformidade dos processos e produtos com os padr\u00f5es de qualidade estabelecidos. Principais responsabilidades Realizar calibra\u00e7\u00e3o e verifica\u00e7\u00e3o de instrumentos de medi\u00e7\u00e3o Controlar e manter o sistema de gest\u00e3o de equipamentos de medi\u00e7\u00e3o Garantir a rastreabilidade metrol\u00f3gica dos instrumentos [&hellip;]<\/p>\n","protected":false},"author":1,"featured_media":0,"comment_status":"open","ping_status":"open","sticky":false,"template":"","format":"standard","meta":{"footnotes":""},"categories":[21],"tags":[],"class_list":["post-1352","post","type-post","status-publish","format-standard","hentry","category-rio-de-janeiro-rj"],"_links":{"self":[{"href":"https:\/\/vagas.portalemprego.com.br\/index.php?rest_route=\/wp\/v2\/posts\/1352","targetHints":{"allow":["GET"]}}],"collection":[{"href":"https:\/\/vagas.portalemprego.com.br\/index.php?rest_route=\/wp\/v2\/posts"}],"about":[{"href":"https:\/\/vagas.portalemprego.com.br\/index.php?rest_route=\/wp\/v2\/types\/post"}],"author":[{"embeddable":true,"href":"https:\/\/vagas.portalemprego.com.br\/index.php?rest_route=\/wp\/v2\/users\/1"}],"replies":[{"embeddable":true,"href":"https:\/\/vagas.portalemprego.com.br\/index.php?rest_route=%2Fwp%2Fv2%2Fcomments&post=1352"}],"version-history":[{"count":0,"href":"https:\/\/vagas.portalemprego.com.br\/index.php?rest_route=\/wp\/v2\/posts\/1352\/revisions"}],"wp:attachment":[{"href":"https:\/\/vagas.portalemprego.com.br\/index.php?rest_route=%2Fwp%2Fv2%2Fmedia&parent=1352"}],"wp:term":[{"taxonomy":"category","embeddable":true,"href":"https:\/\/vagas.portalemprego.com.br\/index.php?rest_route=%2Fwp%2Fv2%2Fcategories&post=1352"},{"taxonomy":"post_tag","embeddable":true,"href":"https:\/\/vagas.portalemprego.com.br\/index.php?rest_route=%2Fwp%2Fv2%2Ftags&post=1352"}],"curies":[{"name":"wp","href":"https:\/\/api.w.org\/{rel}","templated":true}]}}