{"id":1354,"date":"2026-04-29T06:00:00","date_gmt":"2026-04-29T09:00:00","guid":{"rendered":"https:\/\/vagas.portalemprego.com.br\/?p=1354"},"modified":"2026-04-29T06:00:00","modified_gmt":"2026-04-29T09:00:00","slug":"auxiliar-de-loja-pcd-comercial-vendas-barra-mansa","status":"publish","type":"post","link":"https:\/\/vagas.portalemprego.com.br\/?p=1354","title":{"rendered":"Auxiliar de Loja &#8211; PCD &#8211; Comercial, Vendas &#8211; Barra Mansa"},"content":{"rendered":"<p>Cargo: Auxiliar de Loja<br \/>\nNossos auxiliares realizam a organiza\u00e7\u00e3o da loja, reposi\u00e7\u00e3o de mercadorias e precifica\u00e7\u00e3o.<br \/>\nDirecionamento dos clientes caso necess\u00e1rio e atendimento nos caixas. Apoio no estoque. Limpeza e organiza\u00e7\u00e3o de seu local de trabalho, organiza\u00e7\u00e3o dos setores e aux\u00edlio ao gerente nas diversas opera\u00e7\u00f5es de loja.<br \/>\nCompet\u00eancias e Qualifica\u00e7\u00f5es<br \/>\nEnsino M\u00e9dio Completo;<br \/>\nMaior de 18 anos;<br \/>\nDisponibilidade para trabalhar em escala 6X1;<br \/>\nBenef\u00edcios:<br \/>\n\u2022 Sal\u00e1rio Compat\u00edvel com a Fun\u00e7\u00e3o;<br \/>\n\u2022 Plano de Sa\u00fade;<br \/>\n\u2022 Plano Odontol\u00f3gico;<br \/>\n\u2022 Vale Transporte;<br \/>\n\u2022 Seguro de Vida em Grupo;<br \/>\n\u2022 Cart\u00e3o Farm\u00e1cia;<br \/>\nLocal de Trabalho: Volta Redonda  \/ RJ<br \/>\nSomos uma empresa s\u00f3lida, l\u00edder em seu segmento, oferecermos produtos de qualidade, e somos conhecidos pelo nosso respeito aos clientes e colaboradores.<br \/>\nPara conhecer um pouco mais sobre empresa acesse:<br \/>\nwww.kalunga.com.br<\/p>\n<ul>\n<li>Local de trabalho: Barra Mansa, RJ<\/li>\n<li>Regime de contrata\u00e7\u00e3o de tipo: Efetivo \u2013 CLT<\/li>\n<li>Jornada: Parcial noites<\/li>\n<li>\u00c1rea e especializa\u00e7\u00e3o profissional: Comercial, Vendas &#8211; Lojas \/ Shopping<\/li>\n<li>N\u00edvel hier\u00e1rquico: Auxiliar<\/li>\n<\/ul>\n<p>Escolaridade M\u00ednima: Ensino M\u00e9dio (2\u00ba Grau)<\/p>\n<ul>\n<li>Vale Transporte<\/li>\n<li>Plano Odontol\u00f3gico<\/li>\n<li>Cart\u00e3o Farm\u00e1cia<\/li>\n<li>Plano de Sa\u00fade<\/li>\n<\/ul>\n<p>Sal\u00e1rio: 1817,0<\/p>\n","protected":false},"excerpt":{"rendered":"<p>Cargo: Auxiliar de Loja Nossos auxiliares realizam a organiza\u00e7\u00e3o da loja, reposi\u00e7\u00e3o de mercadorias e precifica\u00e7\u00e3o. Direcionamento dos clientes caso necess\u00e1rio e atendimento nos caixas. Apoio no estoque. Limpeza e organiza\u00e7\u00e3o de seu local de trabalho, organiza\u00e7\u00e3o dos setores e aux\u00edlio ao gerente nas diversas opera\u00e7\u00f5es de loja. Compet\u00eancias e Qualifica\u00e7\u00f5es Ensino M\u00e9dio Completo; Maior [&hellip;]<\/p>\n","protected":false},"author":1,"featured_media":0,"comment_status":"open","ping_status":"open","sticky":false,"template":"","format":"standard","meta":{"footnotes":""},"categories":[21],"tags":[],"class_list":["post-1354","post","type-post","status-publish","format-standard","hentry","category-rio-de-janeiro-rj"],"_links":{"self":[{"href":"https:\/\/vagas.portalemprego.com.br\/index.php?rest_route=\/wp\/v2\/posts\/1354","targetHints":{"allow":["GET"]}}],"collection":[{"href":"https:\/\/vagas.portalemprego.com.br\/index.php?rest_route=\/wp\/v2\/posts"}],"about":[{"href":"https:\/\/vagas.portalemprego.com.br\/index.php?rest_route=\/wp\/v2\/types\/post"}],"author":[{"embeddable":true,"href":"https:\/\/vagas.portalemprego.com.br\/index.php?rest_route=\/wp\/v2\/users\/1"}],"replies":[{"embeddable":true,"href":"https:\/\/vagas.portalemprego.com.br\/index.php?rest_route=%2Fwp%2Fv2%2Fcomments&post=1354"}],"version-history":[{"count":0,"href":"https:\/\/vagas.portalemprego.com.br\/index.php?rest_route=\/wp\/v2\/posts\/1354\/revisions"}],"wp:attachment":[{"href":"https:\/\/vagas.portalemprego.com.br\/index.php?rest_route=%2Fwp%2Fv2%2Fmedia&parent=1354"}],"wp:term":[{"taxonomy":"category","embeddable":true,"href":"https:\/\/vagas.portalemprego.com.br\/index.php?rest_route=%2Fwp%2Fv2%2Fcategories&post=1354"},{"taxonomy":"post_tag","embeddable":true,"href":"https:\/\/vagas.portalemprego.com.br\/index.php?rest_route=%2Fwp%2Fv2%2Ftags&post=1354"}],"curies":[{"name":"wp","href":"https:\/\/api.w.org\/{rel}","templated":true}]}}