{"id":1356,"date":"2026-04-29T06:00:00","date_gmt":"2026-04-29T09:00:00","guid":{"rendered":"https:\/\/vagas.portalemprego.com.br\/?p=1356"},"modified":"2026-04-29T06:00:00","modified_gmt":"2026-04-29T09:00:00","slug":"estagio-administrativo-rj-administracao-rio-de-janeiro","status":"publish","type":"post","link":"https:\/\/vagas.portalemprego.com.br\/?p=1356","title":{"rendered":"Est\u00e1gio Administrativo &#8211; RJ &#8211; Administra\u00e7\u00e3o &#8211; Rio de Janeiro"},"content":{"rendered":"<p>Descri\u00e7\u00e3o de cargo:<br \/>\nAuxiliar e monitorar as atividades administrativas do setor;<br \/>\nApoiar a organiza\u00e7\u00e3o e o controle de documentos, registros e informa\u00e7\u00f5es da \u00e1rea;<br \/>\nDar suporte \u00e0s rotinas administrativas e operacionais, assegurando o cumprimento de prazos e fluxos internos;<br \/>\nAcompanhar demandas internas e apoiar o controle das atividades da \u00e1rea;<br \/>\nUtilizar ferramentas do Pacote Office para controles, registros, relat\u00f3rios e acompanhamentos;<br \/>\nApoiar a comunica\u00e7\u00e3o entre \u00e1reas e contribuir para o fluxo adequado de informa\u00e7\u00f5es;<br \/>\nContribuir para a organiza\u00e7\u00e3o, prioriza\u00e7\u00e3o e execu\u00e7\u00e3o das atividades administrativas do setor.<\/p>\n<p>Requisitos:<br \/>\nEstudante\u00a0de Administra\u00e7\u00e3o, Engenharia ou \u00e1reas afins;<br \/>\nNo\u00e7\u00e3o de\u00a0Pacote Office;<br \/>\nBoa comunica\u00e7\u00e3o verbal e escrita;<br \/>\nOrganiza\u00e7\u00e3o e aten\u00e7\u00e3o aos detalhes;<br \/>\nIngl\u00eas Intermedi\u00e1rio.<\/p>\n<ul>\n<li>Local de trabalho: Rio de Janeiro, RJ<\/li>\n<li>Regime de contrata\u00e7\u00e3o de tipo: Est\u00e1gio<\/li>\n<li>Jornada: Per\u00edodo Integral<\/li>\n<li>\u00c1rea e especializa\u00e7\u00e3o profissional: Administra\u00e7\u00e3o &#8211; Administra\u00e7\u00e3o Geral<\/li>\n<li>N\u00edvel hier\u00e1rquico: Estagi\u00e1rio<\/li>\n<\/ul>\n<p>HABILIDADES<\/p>\n<ul>\n<li>Organiza\u00e7\u00e3o<\/li>\n<li>Proatividade<\/li>\n<li>Boa comunica\u00e7\u00e3o<\/li>\n<\/ul>\n<p>Escolaridade M\u00ednima: Ensino Superior<\/p>\n<p>Idiomas:<\/p>\n<ul>\n<li>Ingl\u00eas (Intermedi\u00e1rio)<\/li>\n<\/ul>\n<ul>\n<li>Parcerias com cursos e Faculdades;<\/li>\n<li>Vale Transporte.<\/li>\n<li>Conv\u00eanio Total Pass, extensivo para dependentes;<\/li>\n<li>Conv\u00eanio SESC, extensivo para dependentes;<\/li>\n<li>Atendimento Psicol\u00f3gico, Jur\u00eddico e Financeiro, extensivo para dependentes;<\/li>\n<li>Ticket Flex (vale Refei\u00e7\u00e3o\/Alimenta\u00e7\u00e3o);<\/li>\n<li>Seguro de vida, com benef\u00edcios adicionais, em parceria com a Infinity Doctors;<\/li>\n<\/ul>\n","protected":false},"excerpt":{"rendered":"<p>Descri\u00e7\u00e3o de cargo: Auxiliar e monitorar as atividades administrativas do setor; Apoiar a organiza\u00e7\u00e3o e o controle de documentos, registros e informa\u00e7\u00f5es da \u00e1rea; Dar suporte \u00e0s rotinas administrativas e operacionais, assegurando o cumprimento de prazos e fluxos internos; Acompanhar demandas internas e apoiar o controle das atividades da \u00e1rea; Utilizar ferramentas do Pacote Office [&hellip;]<\/p>\n","protected":false},"author":1,"featured_media":0,"comment_status":"open","ping_status":"open","sticky":false,"template":"","format":"standard","meta":{"footnotes":""},"categories":[21],"tags":[],"class_list":["post-1356","post","type-post","status-publish","format-standard","hentry","category-rio-de-janeiro-rj"],"_links":{"self":[{"href":"https:\/\/vagas.portalemprego.com.br\/index.php?rest_route=\/wp\/v2\/posts\/1356","targetHints":{"allow":["GET"]}}],"collection":[{"href":"https:\/\/vagas.portalemprego.com.br\/index.php?rest_route=\/wp\/v2\/posts"}],"about":[{"href":"https:\/\/vagas.portalemprego.com.br\/index.php?rest_route=\/wp\/v2\/types\/post"}],"author":[{"embeddable":true,"href":"https:\/\/vagas.portalemprego.com.br\/index.php?rest_route=\/wp\/v2\/users\/1"}],"replies":[{"embeddable":true,"href":"https:\/\/vagas.portalemprego.com.br\/index.php?rest_route=%2Fwp%2Fv2%2Fcomments&post=1356"}],"version-history":[{"count":0,"href":"https:\/\/vagas.portalemprego.com.br\/index.php?rest_route=\/wp\/v2\/posts\/1356\/revisions"}],"wp:attachment":[{"href":"https:\/\/vagas.portalemprego.com.br\/index.php?rest_route=%2Fwp%2Fv2%2Fmedia&parent=1356"}],"wp:term":[{"taxonomy":"category","embeddable":true,"href":"https:\/\/vagas.portalemprego.com.br\/index.php?rest_route=%2Fwp%2Fv2%2Fcategories&post=1356"},{"taxonomy":"post_tag","embeddable":true,"href":"https:\/\/vagas.portalemprego.com.br\/index.php?rest_route=%2Fwp%2Fv2%2Ftags&post=1356"}],"curies":[{"name":"wp","href":"https:\/\/api.w.org\/{rel}","templated":true}]}}