{"id":1358,"date":"2026-04-29T06:00:00","date_gmt":"2026-04-29T09:00:00","guid":{"rendered":"https:\/\/vagas.portalemprego.com.br\/?p=1358"},"modified":"2026-04-29T06:00:00","modified_gmt":"2026-04-29T09:00:00","slug":"estagio-em-tecnico-em-seguranca-do-trabalho-seguranca-niteroi","status":"publish","type":"post","link":"https:\/\/vagas.portalemprego.com.br\/?p=1358","title":{"rendered":"Est\u00e1gio em T\u00e9cnico em Seguran\u00e7a do Trabalho &#8211; Seguran\u00e7a &#8211; Niter\u00f3i"},"content":{"rendered":"<p>Empresa offshore no ramo de reparos navais localizada em Niter\u00f3i seleciona estudantes de T\u00e9cnico em Seguran\u00e7a do Trabalho do 1\u00ba ao 3\u00ba per\u00edodo, para est\u00e1gio.<\/p>\n<p>Atividades:<br \/>\n&#8211; aux\u00edlio para verificar o uso de epis<br \/>\n&#8211; apoio na realiza\u00e7\u00e3o do acesso dos funcion\u00e1rios em embarca\u00e7\u00f5es\/estaleiros<br \/>\n&#8211; suporte na participa\u00e7\u00e3o na elabora\u00e7\u00e3o e implementa\u00e7\u00e3o da pol\u00edtica de sa\u00fade e seguran\u00e7a no trabalho (sst)<\/p>\n<p>Oferece bolsa de R$ 1.500 + VT + VR<\/p>\n<p>Hor\u00e1rio: 7h \u00e0s 14h c\/1h de intervalo de segunda a sexta<\/p>\n<p>Local: Ilha da Concei\u00e7\u00e3o\/Niter\u00f3i<\/p>\n<p>Requisitos: conhecimento em word\/excel<br \/>\nDesej\u00e1vel: ingl\u00eas intermedi\u00e1rio<\/p>\n<ul>\n<li>Local de trabalho: Niter\u00f3i, RJ<\/li>\n<li>Regime de contrata\u00e7\u00e3o de tipo: Est\u00e1gio<\/li>\n<li>Jornada: Per\u00edodo Integral<\/li>\n<li>\u00c1rea e especializa\u00e7\u00e3o profissional: Seguran\u00e7a &#8211; Seguran\u00e7a<\/li>\n<li>N\u00edvel hier\u00e1rquico: Estagi\u00e1rio<\/li>\n<\/ul>\n<p>Escolaridade M\u00ednima: Curso T\u00e9cnico<\/p>\n<p>Sal\u00e1rio: 1500,0<\/p>\n","protected":false},"excerpt":{"rendered":"<p>Empresa offshore no ramo de reparos navais localizada em Niter\u00f3i seleciona estudantes de T\u00e9cnico em Seguran\u00e7a do Trabalho do 1\u00ba ao 3\u00ba per\u00edodo, para est\u00e1gio. Atividades: &#8211; aux\u00edlio para verificar o uso de epis &#8211; apoio na realiza\u00e7\u00e3o do acesso dos funcion\u00e1rios em embarca\u00e7\u00f5es\/estaleiros &#8211; suporte na participa\u00e7\u00e3o na elabora\u00e7\u00e3o e implementa\u00e7\u00e3o da pol\u00edtica de [&hellip;]<\/p>\n","protected":false},"author":1,"featured_media":0,"comment_status":"open","ping_status":"open","sticky":false,"template":"","format":"standard","meta":{"footnotes":""},"categories":[21],"tags":[],"class_list":["post-1358","post","type-post","status-publish","format-standard","hentry","category-rio-de-janeiro-rj"],"_links":{"self":[{"href":"https:\/\/vagas.portalemprego.com.br\/index.php?rest_route=\/wp\/v2\/posts\/1358","targetHints":{"allow":["GET"]}}],"collection":[{"href":"https:\/\/vagas.portalemprego.com.br\/index.php?rest_route=\/wp\/v2\/posts"}],"about":[{"href":"https:\/\/vagas.portalemprego.com.br\/index.php?rest_route=\/wp\/v2\/types\/post"}],"author":[{"embeddable":true,"href":"https:\/\/vagas.portalemprego.com.br\/index.php?rest_route=\/wp\/v2\/users\/1"}],"replies":[{"embeddable":true,"href":"https:\/\/vagas.portalemprego.com.br\/index.php?rest_route=%2Fwp%2Fv2%2Fcomments&post=1358"}],"version-history":[{"count":0,"href":"https:\/\/vagas.portalemprego.com.br\/index.php?rest_route=\/wp\/v2\/posts\/1358\/revisions"}],"wp:attachment":[{"href":"https:\/\/vagas.portalemprego.com.br\/index.php?rest_route=%2Fwp%2Fv2%2Fmedia&parent=1358"}],"wp:term":[{"taxonomy":"category","embeddable":true,"href":"https:\/\/vagas.portalemprego.com.br\/index.php?rest_route=%2Fwp%2Fv2%2Fcategories&post=1358"},{"taxonomy":"post_tag","embeddable":true,"href":"https:\/\/vagas.portalemprego.com.br\/index.php?rest_route=%2Fwp%2Fv2%2Ftags&post=1358"}],"curies":[{"name":"wp","href":"https:\/\/api.w.org\/{rel}","templated":true}]}}