{"id":1361,"date":"2026-04-29T06:00:00","date_gmt":"2026-04-29T09:00:00","guid":{"rendered":"https:\/\/vagas.portalemprego.com.br\/?p=1361"},"modified":"2026-04-29T06:00:00","modified_gmt":"2026-04-29T09:00:00","slug":"encarregado-de-operacoes-informatica-ti-telecomunicacoes-rio-de-janeiro","status":"publish","type":"post","link":"https:\/\/vagas.portalemprego.com.br\/?p=1361","title":{"rendered":"Encarregado de Opera\u00e7\u00f5es &#8211; Inform\u00e1tica, TI, Telecomunica\u00e7\u00f5es &#8211; Rio de Janeiro"},"content":{"rendered":"<p>Quer trabalhar na maior empresa de bikes el\u00e9tricas do Brasil?<\/p>\n<p>Nascemos em 2010, no Rio de Janeiro.<br \/>\nA nossa miss\u00e3o desde ent\u00e3o \u00e9 fazer com que as pessoas reflitam sobre os seus h\u00e1bitos.<br \/>\nE n\u00e3o apenas os h\u00e1bitos relacionados \u00e0 mobilidade urbana.<br \/>\nQueremos que as pessoas olhem mais ao seu redor.<br \/>\nComo voc\u00ea leva a sua vida?<br \/>\nQual \u00e9 a sua rela\u00e7\u00e3o com a natureza, com o tempo, com o seu trabalho, fam\u00edlia e amigos?<br \/>\nA nossa marca n\u00e3o \u00e9 apenas sobre bicicletas el\u00e9tricas.<br \/>\nA Lev \u00e9 sobre escolhas, como escolher o caminho mais bonito em vez do mais r\u00e1pido.<br \/>\nE por falar em caminho, que ele seja sempre a melhor parte.<\/p>\n<p>Muito prazer, n\u00f3s somos a Lev.<\/p>\n<p>Informa\u00e7\u00f5es adicionais:<\/p>\n<p>-Precisou trabalhar al\u00e9m do seu hor\u00e1rio habitual? Temos Banco de horas para que use essas horas.<\/p>\n<p>-Oferecemos o Ifood Benef\u00edcios, nosso Vale Refei\u00e7\u00e3o\/Alimenta\u00e7\u00e3o mensal.<\/p>\n<p>-Para o deslocamento para o trabalho, oferecemos Vale-Transporte ou Auxilio Combustivel.<\/p>\n<p>-Oferecemos Plano de Saude e Odontol\u00f3gico, ap\u00f3s 3 meses da admiss\u00e3o<\/p>\n<p>-Para as mam\u00e3es e papais \u2018de plant\u00e3o\u2019, temos o Aux\u00edlio Creche;<\/p>\n<p>-Curte treinar? Oferecemos Totalpass ou Wellhub<\/p>\n<p>-Quer aprimorar seus estudos? Oferecemos auxilio educa\u00e7\u00e3o, ap\u00f3s 6 meses de admiss\u00e3o, onde a LEV paga 50% do seu curso\/faculdade\/p\u00f3s gradua\u00e7\u00e3o.<\/p>\n<p>-Oferecemos a possibilidade de troca de VT pela bike, para sua locomo\u00e7\u00e3o casa\/trabalho e trabalho\/casa, ap\u00f3s 6 meses da admiss\u00e3o.<\/p>\n<p>Etapas do Processo Seletivo:<\/p>\n<p>Triagem de curr\u00edculos: nesse primeiro iremos analisar o seu curr\u00edculo de acordo com os requisitos necess\u00e1rios para a vaga;<\/p>\n<p>Entrevista do Talent Acquisition: um de nossos recrutadores agendar\u00e1 uma entrevista por compet\u00eancias e fit cultural, al\u00e9m de ser uma oportunidade para voc\u00ea conhecer mais sobre a empresa!;<\/p>\n<p>Entrevista com Lideran\u00e7a: avaliar mais profundamente sua experi\u00eancia profissional e habilidades t\u00e9cnicas. A lideran\u00e7a tamb\u00e9m poder\u00e1 tirar suas d\u00favidas sobre a posi\u00e7\u00e3o;<br \/>\nResponsabilidades do cargo:<br \/>\nLiderar o time de mec\u00e2nicos da Oficina de Restaura\u00e7\u00e3o da Oficina Central; gerir a opera\u00e7\u00e3o de execu\u00e7\u00e3o de restauro mec\u00e2nico, garantindo acompanhamento e atingimento dos SLAs pr\u00e9 estabelecidos em todas as etapas do processo de restaura\u00e7\u00e3o. Garantir efici\u00eancia x n\u00fameros de produ\u00e7\u00e3o, de modo a elevar a entrega, garantir estoque de pronta entrega e elevar o faturamento da Lev. Acompanhar absente\u00edsmo do time e trabalhar o motivacional, de modo a garantir o comprometimento da equipe de mec\u00e2nicos para entrega dos indicadores solicitados pelo Coordenador. Entre outras atribui\u00e7\u00f5es<\/p>\n<p>Conhecimentos necess\u00e1rios:<br \/>\nExperi\u00eancia pr\u00e9via comprovada como encarregado de oficina, linhas de produ\u00e7\u00e3o, f\u00e1bricas e etc. Dom\u00ednio de implanta\u00e7\u00e3o e desenvolvimento de processos. Controle operacional<\/p>\n<p>Competencias:<br \/>\nBom relacionamento interpessoal; skill de lideran\u00e7a; skill operacional; criativo; impulsionador<\/p>\n<p>Ser\u00e1 um diferencial:<br \/>\nTer ensino Superior Completo, experi\u00eancia comprovada como encarregado em opera\u00e7\u00f5es, seja mec\u00e2nica de bicicleta, ou outras atividades industriais correlatas de natureza de produ\u00e7\u00e3o.<\/p>\n<ul>\n<li>Local de trabalho: Rio de Janeiro, RJ<\/li>\n<li>Regime de contrata\u00e7\u00e3o de tipo: Efetivo \u2013 CLT<\/li>\n<li>Jornada: Per\u00edodo Integral<\/li>\n<li>\u00c1rea e especializa\u00e7\u00e3o profissional: Inform\u00e1tica, TI, Telecomunica\u00e7\u00f5es &#8211; TI<\/li>\n<li>N\u00edvel hier\u00e1rquico: Encarregado<\/li>\n<\/ul>\n<p>VALORIZADO<\/p>\n<p>Tempo de experi\u00eancia: Entre 3 e 5 anos<\/p>\n<p>Escolaridade M\u00ednima: Ensino Superior<\/p>\n<p>Disponibilidade para viajar<\/p>\n<ul>\n<li>auxilio educa\u00e7\u00e3o<\/li>\n<li>troca de VT pela Bike<\/li>\n<li>plano odontologico<\/li>\n<li>plano de saude<\/li>\n<li>convenio SESC<\/li>\n<li>auxilio creche<\/li>\n<li>va<\/li>\n<li>vr<\/li>\n<li>vt<\/li>\n<li>seguro de vida<\/li>\n<\/ul>\n","protected":false},"excerpt":{"rendered":"<p>Quer trabalhar na maior empresa de bikes el\u00e9tricas do Brasil? Nascemos em 2010, no Rio de Janeiro. A nossa miss\u00e3o desde ent\u00e3o \u00e9 fazer com que as pessoas reflitam sobre os seus h\u00e1bitos. E n\u00e3o apenas os h\u00e1bitos relacionados \u00e0 mobilidade urbana. Queremos que as pessoas olhem mais ao seu redor. Como voc\u00ea leva a [&hellip;]<\/p>\n","protected":false},"author":1,"featured_media":0,"comment_status":"open","ping_status":"open","sticky":false,"template":"","format":"standard","meta":{"footnotes":""},"categories":[21],"tags":[],"class_list":["post-1361","post","type-post","status-publish","format-standard","hentry","category-rio-de-janeiro-rj"],"_links":{"self":[{"href":"https:\/\/vagas.portalemprego.com.br\/index.php?rest_route=\/wp\/v2\/posts\/1361","targetHints":{"allow":["GET"]}}],"collection":[{"href":"https:\/\/vagas.portalemprego.com.br\/index.php?rest_route=\/wp\/v2\/posts"}],"about":[{"href":"https:\/\/vagas.portalemprego.com.br\/index.php?rest_route=\/wp\/v2\/types\/post"}],"author":[{"embeddable":true,"href":"https:\/\/vagas.portalemprego.com.br\/index.php?rest_route=\/wp\/v2\/users\/1"}],"replies":[{"embeddable":true,"href":"https:\/\/vagas.portalemprego.com.br\/index.php?rest_route=%2Fwp%2Fv2%2Fcomments&post=1361"}],"version-history":[{"count":0,"href":"https:\/\/vagas.portalemprego.com.br\/index.php?rest_route=\/wp\/v2\/posts\/1361\/revisions"}],"wp:attachment":[{"href":"https:\/\/vagas.portalemprego.com.br\/index.php?rest_route=%2Fwp%2Fv2%2Fmedia&parent=1361"}],"wp:term":[{"taxonomy":"category","embeddable":true,"href":"https:\/\/vagas.portalemprego.com.br\/index.php?rest_route=%2Fwp%2Fv2%2Fcategories&post=1361"},{"taxonomy":"post_tag","embeddable":true,"href":"https:\/\/vagas.portalemprego.com.br\/index.php?rest_route=%2Fwp%2Fv2%2Ftags&post=1361"}],"curies":[{"name":"wp","href":"https:\/\/api.w.org\/{rel}","templated":true}]}}