{"id":1362,"date":"2026-04-29T06:00:00","date_gmt":"2026-04-29T09:00:00","guid":{"rendered":"https:\/\/vagas.portalemprego.com.br\/?p=1362"},"modified":"2026-04-29T06:00:00","modified_gmt":"2026-04-29T09:00:00","slug":"coordenador-de-compras-paty-do-alferes-compras-paty-do-alferes","status":"publish","type":"post","link":"https:\/\/vagas.portalemprego.com.br\/?p=1362","title":{"rendered":"Coordenador de Compras &#8211; Paty Do Alferes &#8211; Compras &#8211; Paty do Alferes"},"content":{"rendered":"<p>Miss\u00e3o<br \/>\nPlanejar, coordenar e supervisionar as atividades de compras da empresa, garantindo a aquisi\u00e7\u00e3o de materiais, produtos e servi\u00e7os com qualidade, custo competitivo e dentro dos prazos estabelecidos.<br \/>\nAtividades e Responsabilidades<br \/>\nCoordenar a equipe de compras, distribuindo demandas e acompanhando resultados<br \/>\nDesenvolver e implementar estrat\u00e9gias de aquisi\u00e7\u00e3o e negocia\u00e7\u00e3o<br \/>\nRealizar e supervisionar cota\u00e7\u00f5es, negocia\u00e7\u00f5es e fechamento de contratos com fornecedores<br \/>\nGerenciar o relacionamento com fornecedores e avaliar desempenho<br \/>\nGarantir o cumprimento de prazos de entrega e n\u00edveis de estoque adequados<br \/>\nControlar custos e buscar oportunidades de redu\u00e7\u00e3o de despesas<br \/>\nTrabalhar em conjunto com \u00e1reas como log\u00edstica, financeiro e produ\u00e7\u00e3o<br \/>\nAnalisar indicadores de desempenho (KPIs) da \u00e1rea de compras<br \/>\nAssegurar conformidade com pol\u00edticas internas e normas legais<br \/>\nParticipar do planejamento estrat\u00e9gico de suprimentos<br \/>\nRequisitos<br \/>\nForma\u00e7\u00e3o:<br \/>\nEnsino superior em Administra\u00e7\u00e3o, Log\u00edstica, Engenharia, Economia ou \u00e1reas correlatas<br \/>\nExperi\u00eancia:<br \/>\nExperi\u00eancia pr\u00e9via em compras\/suprimentos<br \/>\nExperi\u00eancia com lideran\u00e7a de equipe<br \/>\nConhecimentos t\u00e9cnicos:<br \/>\nT\u00e9cnicas de negocia\u00e7\u00e3o<br \/>\nGest\u00e3o de fornecedores<br \/>\nControle de estoque<br \/>\nSistemas ERP (ex: SAP, TOTVS)<br \/>\nExcel intermedi\u00e1rio\/avan\u00e7ado<\/p>\n<ul>\n<li>Local de trabalho: Paty do Alferes, RJ<\/li>\n<li>Regime de contrata\u00e7\u00e3o de tipo: Efetivo \u2013 CLT<\/li>\n<li>Jornada: Per\u00edodo Integral<\/li>\n<li>\u00c1rea e especializa\u00e7\u00e3o profissional: Compras &#8211; Compras<\/li>\n<li>N\u00edvel hier\u00e1rquico: Coordenador<\/li>\n<\/ul>\n<p>HABILIDADES<\/p>\n<ul>\n<li>Supervis\u00e3o<\/li>\n<li>Gerenciamento de equipe<\/li>\n<li>Capacidade de coordena\u00e7\u00e3o<\/li>\n<li>Cadeia de suprimentos<\/li>\n<li>Opera\u00e7\u00f5es log\u00edsticas<\/li>\n<\/ul>\n<p>Escolaridade M\u00ednima: Ensino Superior<\/p>\n<p>Sal\u00e1rio: 5000,0<\/p>\n","protected":false},"excerpt":{"rendered":"<p>Miss\u00e3o Planejar, coordenar e supervisionar as atividades de compras da empresa, garantindo a aquisi\u00e7\u00e3o de materiais, produtos e servi\u00e7os com qualidade, custo competitivo e dentro dos prazos estabelecidos. Atividades e Responsabilidades Coordenar a equipe de compras, distribuindo demandas e acompanhando resultados Desenvolver e implementar estrat\u00e9gias de aquisi\u00e7\u00e3o e negocia\u00e7\u00e3o Realizar e supervisionar cota\u00e7\u00f5es, negocia\u00e7\u00f5es e [&hellip;]<\/p>\n","protected":false},"author":1,"featured_media":0,"comment_status":"open","ping_status":"open","sticky":false,"template":"","format":"standard","meta":{"footnotes":""},"categories":[21],"tags":[],"class_list":["post-1362","post","type-post","status-publish","format-standard","hentry","category-rio-de-janeiro-rj"],"_links":{"self":[{"href":"https:\/\/vagas.portalemprego.com.br\/index.php?rest_route=\/wp\/v2\/posts\/1362","targetHints":{"allow":["GET"]}}],"collection":[{"href":"https:\/\/vagas.portalemprego.com.br\/index.php?rest_route=\/wp\/v2\/posts"}],"about":[{"href":"https:\/\/vagas.portalemprego.com.br\/index.php?rest_route=\/wp\/v2\/types\/post"}],"author":[{"embeddable":true,"href":"https:\/\/vagas.portalemprego.com.br\/index.php?rest_route=\/wp\/v2\/users\/1"}],"replies":[{"embeddable":true,"href":"https:\/\/vagas.portalemprego.com.br\/index.php?rest_route=%2Fwp%2Fv2%2Fcomments&post=1362"}],"version-history":[{"count":0,"href":"https:\/\/vagas.portalemprego.com.br\/index.php?rest_route=\/wp\/v2\/posts\/1362\/revisions"}],"wp:attachment":[{"href":"https:\/\/vagas.portalemprego.com.br\/index.php?rest_route=%2Fwp%2Fv2%2Fmedia&parent=1362"}],"wp:term":[{"taxonomy":"category","embeddable":true,"href":"https:\/\/vagas.portalemprego.com.br\/index.php?rest_route=%2Fwp%2Fv2%2Fcategories&post=1362"},{"taxonomy":"post_tag","embeddable":true,"href":"https:\/\/vagas.portalemprego.com.br\/index.php?rest_route=%2Fwp%2Fv2%2Ftags&post=1362"}],"curies":[{"name":"wp","href":"https:\/\/api.w.org\/{rel}","templated":true}]}}