{"id":1365,"date":"2026-04-29T06:01:01","date_gmt":"2026-04-29T09:01:01","guid":{"rendered":"https:\/\/vagas.portalemprego.com.br\/?p=1365"},"modified":"2026-04-29T06:01:01","modified_gmt":"2026-04-29T09:01:01","slug":"consultor-comercial-pj-credito-consignado-comercial-vendas-rio-de-janeiro","status":"publish","type":"post","link":"https:\/\/vagas.portalemprego.com.br\/?p=1365","title":{"rendered":"Consultor Comercial (PJ) \u2013 Cr\u00e9dito Consignado &#8211; Comercial, Vendas &#8211; Rio de Janeiro"},"content":{"rendered":"<p>Somos a Equipe Resolve, correspondente autorizado, com atua\u00e7\u00e3o em cr\u00e9dito consignado para servidores p\u00fablicos e aposentados.<br \/>\nEstamos expandindo nossa opera\u00e7\u00e3o em Cabo Frio\/RJ e buscamos profissionais com perfil comercial e mentalidade empreendedora para atuar como Consultor Comercial.<br \/>\nA atua\u00e7\u00e3o \u00e9 presencial em nossa unidade no Centro de Cabo Frio.<br \/>\nTrata-se de um modelo de presta\u00e7\u00e3o de servi\u00e7os (necess\u00e1rio MEI ativo ou disponibilidade para abertura).<br \/>\nA remunera\u00e7\u00e3o \u00e9 100% comissionada, com comissionamento agressivo e ganhos proporcionais \u00e0 performance.<br \/>\nFornecemos:<br \/>\n\u2022 Treinamento completo<br \/>\n\u2022 Sistema e mailing<br \/>\n\u2022 Estrutura f\u00edsica e suporte comercial<br \/>\n\u2022 Acompanhamento pr\u00f3ximo da gest\u00e3o<br \/>\nN\u00e3o trabalhamos com metas engessadas. Buscamos pessoas comprometidas com resultado e crescimento profissional.<\/p>\n<ul>\n<li>N\u00famero de vagas: 9<\/li>\n<li>Local de trabalho: Rio de Janeiro, RJ<\/li>\n<li>Regime de contrata\u00e7\u00e3o de tipo: Prestador de Servi\u00e7os (PJ)<\/li>\n<li>Jornada: Per\u00edodo Integral<\/li>\n<li>\u00c1rea e especializa\u00e7\u00e3o profissional: Comercial, Vendas &#8211; Venda Interna<\/li>\n<li>N\u00edvel hier\u00e1rquico: Consultor<\/li>\n<\/ul>\n<p>VALORIZADO<\/p>\n<p>Tempo de experi\u00eancia: Entre 1 e 3 anos<\/p>\n<p>HABILIDADES<\/p>\n<ul>\n<li>\u2022\tComunica\u00e7\u00e3o clara e objetiva \t\u2022\tPerfil comercial e foco em resultados \t\u2022\tDisciplina e organiza\u00e7\u00e3o para trabalho remoto \t\u2022\tCapacidade de negocia\u00e7\u00e3o e argumenta\u00e7\u00e3o \t\u2022\tProatividade e autonomia \t\u2022\tResili\u00eancia para trabalho com remunera\u00e7\u00e3o vari\u00e1vel \t\u2022\tFacili<\/li>\n<\/ul>\n<p>Escolaridade M\u00ednima: Ensino M\u00e9dio (2\u00ba Grau)<\/p>\n<p>Sal\u00e1rio: 8000,0<\/p>\n","protected":false},"excerpt":{"rendered":"<p>Somos a Equipe Resolve, correspondente autorizado, com atua\u00e7\u00e3o em cr\u00e9dito consignado para servidores p\u00fablicos e aposentados. Estamos expandindo nossa opera\u00e7\u00e3o em Cabo Frio\/RJ e buscamos profissionais com perfil comercial e mentalidade empreendedora para atuar como Consultor Comercial. A atua\u00e7\u00e3o \u00e9 presencial em nossa unidade no Centro de Cabo Frio. Trata-se de um modelo de presta\u00e7\u00e3o [&hellip;]<\/p>\n","protected":false},"author":1,"featured_media":0,"comment_status":"open","ping_status":"open","sticky":false,"template":"","format":"standard","meta":{"footnotes":""},"categories":[21],"tags":[],"class_list":["post-1365","post","type-post","status-publish","format-standard","hentry","category-rio-de-janeiro-rj"],"_links":{"self":[{"href":"https:\/\/vagas.portalemprego.com.br\/index.php?rest_route=\/wp\/v2\/posts\/1365","targetHints":{"allow":["GET"]}}],"collection":[{"href":"https:\/\/vagas.portalemprego.com.br\/index.php?rest_route=\/wp\/v2\/posts"}],"about":[{"href":"https:\/\/vagas.portalemprego.com.br\/index.php?rest_route=\/wp\/v2\/types\/post"}],"author":[{"embeddable":true,"href":"https:\/\/vagas.portalemprego.com.br\/index.php?rest_route=\/wp\/v2\/users\/1"}],"replies":[{"embeddable":true,"href":"https:\/\/vagas.portalemprego.com.br\/index.php?rest_route=%2Fwp%2Fv2%2Fcomments&post=1365"}],"version-history":[{"count":0,"href":"https:\/\/vagas.portalemprego.com.br\/index.php?rest_route=\/wp\/v2\/posts\/1365\/revisions"}],"wp:attachment":[{"href":"https:\/\/vagas.portalemprego.com.br\/index.php?rest_route=%2Fwp%2Fv2%2Fmedia&parent=1365"}],"wp:term":[{"taxonomy":"category","embeddable":true,"href":"https:\/\/vagas.portalemprego.com.br\/index.php?rest_route=%2Fwp%2Fv2%2Fcategories&post=1365"},{"taxonomy":"post_tag","embeddable":true,"href":"https:\/\/vagas.portalemprego.com.br\/index.php?rest_route=%2Fwp%2Fv2%2Ftags&post=1365"}],"curies":[{"name":"wp","href":"https:\/\/api.w.org\/{rel}","templated":true}]}}