{"id":1367,"date":"2026-04-29T06:01:01","date_gmt":"2026-04-29T09:01:01","guid":{"rendered":"https:\/\/vagas.portalemprego.com.br\/?p=1367"},"modified":"2026-04-29T06:01:01","modified_gmt":"2026-04-29T09:01:01","slug":"medico-trabalho-rio-de-janeiro-rj-id-260009ii-saude-rio-de-janeiro","status":"publish","type":"post","link":"https:\/\/vagas.portalemprego.com.br\/?p=1367","title":{"rendered":"MEDICO TRABALHO &#8211; RIO DE JANEIRO &#8211; RJ &#8211; ID: 260009II &#8211; Sa\u00fade &#8211; Rio de Janeiro"},"content":{"rendered":"<p>REQUISITOS IMPRESCIND\u00cdVEIS PARA A INSCRI\u00c7\u00c3O:<br \/>\nSuperior completo em Medicina com CRM ativo<br \/>\nP\u00f3s gradua\u00e7\u00e3o completa em Medicina do Trabalho<br \/>\nDom\u00ednio nas ferramentas b\u00e1sicos de inform\u00e1tica (Excel, Word e Power point)<br \/>\nNecess\u00e1rio ter RQE em Medicina do Trabalho<br \/>\nDisponibilidade para atuar na carga hor\u00e1ria de 4 horas por dia (20 horas semanais)<br \/>\nATIVIDADES A SEREM DESENVOLVIDAS:<br \/>\nRealizar exames m\u00e9dicos admissionais, demissionais, de mudan\u00e7a de fun\u00e7\u00e3o, de afastamento do trabalho, de retorno ao trabalho e peri\u00f3dicos, analisando os resultados de exames laboratoriais, radiol\u00f3gicos e outros, conforme o caso.<br \/>\nRealizar atendimentos m\u00e9dicos ambulatoriais e de emerg\u00eancia em caso de acidentes de trabalho ou acometimento de mal s\u00fabito em servi\u00e7o e acompanhar a sequ\u00eancia de tratamento.<br \/>\nPromover educa\u00e7\u00e3o em sa\u00fade por meio de orienta\u00e7\u00e3o aos trabalhadores e colabora\u00e7\u00e3o no planejamento e desenvolvimento de a\u00e7\u00f5es de treinamento em sa\u00fade com o objetivo de atender \u00e0s normas regulamentadoras.<br \/>\nContribuir na promo\u00e7\u00e3o de programas de programas de qualidade, seguran\u00e7a e sa\u00fade ocupacional.<br \/>\nColaborar e acompanhar com a gest\u00e3o administrativa e t\u00e9cnica do ambulat\u00f3rio, contribuindo com orienta\u00e7\u00f5es \u00e0 equipe t\u00e9cnica na realiza\u00e7\u00e3o das atividades cl\u00ednicas e ocupacionais.<br \/>\nAtendimento ambulatorial.<br \/>\nEfetuar per\u00edcias m\u00e9dicas e, quando necess\u00e1rio, encaminhar pacientes para especialistas.<br \/>\nEncaminhar os empregados para per\u00edcias m\u00e9dicas junto ao INSS e acompanhar os casos de afastamento<br \/>\nLOCAL DE TRABALHO:<br \/>\nS\u00c3O CRIST\u00d3V\u00c3O &#8211; RJ<\/p>\n<ul>\n<li>Local de trabalho: Rio de Janeiro, RJ<\/li>\n<li>Regime de contrata\u00e7\u00e3o de tipo: Efetivo \u2013 CLT<\/li>\n<li>Jornada: Per\u00edodo Integral<\/li>\n<li>\u00c1rea e especializa\u00e7\u00e3o profissional: Sa\u00fade &#8211; Medicina do trabalho<\/li>\n<li>N\u00edvel hier\u00e1rquico: Coordenador<\/li>\n<\/ul>\n<p>VALORIZADO<\/p>\n<p>Tempo de experi\u00eancia: Sem experi\u00eancia<\/p>\n<p>Escolaridade M\u00ednima: P\u00f3s-gradua\u00e7\u00e3o &#8211; Especializa\u00e7\u00e3o\/MBA<\/p>\n<ul>\n<li>VALE ALIMENTA\u00c7\u00c3O<\/li>\n<li>PLANO DE SA\u00daDE<\/li>\n<li>WELLHUB (GYMPASS)<\/li>\n<\/ul>\n","protected":false},"excerpt":{"rendered":"<p>REQUISITOS IMPRESCIND\u00cdVEIS PARA A INSCRI\u00c7\u00c3O: Superior completo em Medicina com CRM ativo P\u00f3s gradua\u00e7\u00e3o completa em Medicina do Trabalho Dom\u00ednio nas ferramentas b\u00e1sicos de inform\u00e1tica (Excel, Word e Power point) Necess\u00e1rio ter RQE em Medicina do Trabalho Disponibilidade para atuar na carga hor\u00e1ria de 4 horas por dia (20 horas semanais) ATIVIDADES A SEREM DESENVOLVIDAS: [&hellip;]<\/p>\n","protected":false},"author":1,"featured_media":0,"comment_status":"open","ping_status":"open","sticky":false,"template":"","format":"standard","meta":{"footnotes":""},"categories":[21],"tags":[],"class_list":["post-1367","post","type-post","status-publish","format-standard","hentry","category-rio-de-janeiro-rj"],"_links":{"self":[{"href":"https:\/\/vagas.portalemprego.com.br\/index.php?rest_route=\/wp\/v2\/posts\/1367","targetHints":{"allow":["GET"]}}],"collection":[{"href":"https:\/\/vagas.portalemprego.com.br\/index.php?rest_route=\/wp\/v2\/posts"}],"about":[{"href":"https:\/\/vagas.portalemprego.com.br\/index.php?rest_route=\/wp\/v2\/types\/post"}],"author":[{"embeddable":true,"href":"https:\/\/vagas.portalemprego.com.br\/index.php?rest_route=\/wp\/v2\/users\/1"}],"replies":[{"embeddable":true,"href":"https:\/\/vagas.portalemprego.com.br\/index.php?rest_route=%2Fwp%2Fv2%2Fcomments&post=1367"}],"version-history":[{"count":0,"href":"https:\/\/vagas.portalemprego.com.br\/index.php?rest_route=\/wp\/v2\/posts\/1367\/revisions"}],"wp:attachment":[{"href":"https:\/\/vagas.portalemprego.com.br\/index.php?rest_route=%2Fwp%2Fv2%2Fmedia&parent=1367"}],"wp:term":[{"taxonomy":"category","embeddable":true,"href":"https:\/\/vagas.portalemprego.com.br\/index.php?rest_route=%2Fwp%2Fv2%2Fcategories&post=1367"},{"taxonomy":"post_tag","embeddable":true,"href":"https:\/\/vagas.portalemprego.com.br\/index.php?rest_route=%2Fwp%2Fv2%2Ftags&post=1367"}],"curies":[{"name":"wp","href":"https:\/\/api.w.org\/{rel}","templated":true}]}}