{"id":1370,"date":"2026-04-29T06:01:01","date_gmt":"2026-04-29T09:01:01","guid":{"rendered":"https:\/\/vagas.portalemprego.com.br\/?p=1370"},"modified":"2026-04-29T06:01:01","modified_gmt":"2026-04-29T09:01:01","slug":"operador-de-empilhadeira-logistica-resende","status":"publish","type":"post","link":"https:\/\/vagas.portalemprego.com.br\/?p=1370","title":{"rendered":"Operador de Empilhadeira &#8211; Log\u00edstica &#8211; Resende"},"content":{"rendered":"<p>&#8211; Operar empilhadeira para movimenta\u00e7\u00e3o, transporte e armazenamento de cargas conforme as normas de seguran\u00e7a.<br \/>\n&#8211; Realizar a confer\u00eancia das mercadorias transportadas, assegurando a integridade dos produtos.<br \/>\n&#8211; Efetuar inspe\u00e7\u00f5es di\u00e1rias na empilhadeira, verificando n\u00edveis de \u00f3leo, bateria, pneus e demais componentes, reportando qualquer necessidade de manuten\u00e7\u00e3o.<br \/>\n&#8211; Seguir os procedimentos operacionais e normas de seguran\u00e7a, prevenindo acidentes e danos ao equipamento.<br \/>\n&#8211; Apoiar na organiza\u00e7\u00e3o do estoque, empilhando mercadorias de forma adequada para facilitar a log\u00edstica interna.<br \/>\n&#8211; Zelar pela limpeza e conserva\u00e7\u00e3o do equipamento e ambiente de trabalho.<br \/>\n&#8211; Comunicar imediatamente qualquer irregularidade ou problema operacional ao superior respons\u00e1vel.<\/p>\n<ul>\n<li>Local de trabalho: Resende, RJ<\/li>\n<li>Regime de contrata\u00e7\u00e3o de tipo: Efetivo \u2013 CLT<\/li>\n<li>Jornada: Per\u00edodo Integral<\/li>\n<li>\u00c1rea e especializa\u00e7\u00e3o profissional: Log\u00edstica &#8211; Estoque, Armazenagem, Dep\u00f3sito<\/li>\n<li>N\u00edvel hier\u00e1rquico: Operacional<\/li>\n<\/ul>\n<p>HABILIDADES<\/p>\n<ul>\n<li>Experi\u00eancia na fun\u00e7\u00e3o<\/li>\n<li>Certificado de curso operador de empilhadeira v\u00e1lido<\/li>\n<\/ul>\n<p>Escolaridade M\u00ednima: Ensino M\u00e9dio (2\u00ba Grau)<\/p>\n<p>Habilita\u00e7\u00e3o para dirigir: B<\/p>\n<ul>\n<li>VALE ALIMENTA\u00c7\u00c3O<\/li>\n<li>PLANO DE SA\u00daDE<\/li>\n<li>PLANO ODONTOL\u00d3GICO<\/li>\n<li>TRANSPORTE FRETADO<\/li>\n<li>PLR<\/li>\n<li>ALIMENTA\u00c7\u00c3O NO LOCAL<\/li>\n<\/ul>\n","protected":false},"excerpt":{"rendered":"<p>&#8211; Operar empilhadeira para movimenta\u00e7\u00e3o, transporte e armazenamento de cargas conforme as normas de seguran\u00e7a. &#8211; Realizar a confer\u00eancia das mercadorias transportadas, assegurando a integridade dos produtos. &#8211; Efetuar inspe\u00e7\u00f5es di\u00e1rias na empilhadeira, verificando n\u00edveis de \u00f3leo, bateria, pneus e demais componentes, reportando qualquer necessidade de manuten\u00e7\u00e3o. &#8211; Seguir os procedimentos operacionais e normas de [&hellip;]<\/p>\n","protected":false},"author":1,"featured_media":0,"comment_status":"open","ping_status":"open","sticky":false,"template":"","format":"standard","meta":{"footnotes":""},"categories":[21],"tags":[],"class_list":["post-1370","post","type-post","status-publish","format-standard","hentry","category-rio-de-janeiro-rj"],"_links":{"self":[{"href":"https:\/\/vagas.portalemprego.com.br\/index.php?rest_route=\/wp\/v2\/posts\/1370","targetHints":{"allow":["GET"]}}],"collection":[{"href":"https:\/\/vagas.portalemprego.com.br\/index.php?rest_route=\/wp\/v2\/posts"}],"about":[{"href":"https:\/\/vagas.portalemprego.com.br\/index.php?rest_route=\/wp\/v2\/types\/post"}],"author":[{"embeddable":true,"href":"https:\/\/vagas.portalemprego.com.br\/index.php?rest_route=\/wp\/v2\/users\/1"}],"replies":[{"embeddable":true,"href":"https:\/\/vagas.portalemprego.com.br\/index.php?rest_route=%2Fwp%2Fv2%2Fcomments&post=1370"}],"version-history":[{"count":0,"href":"https:\/\/vagas.portalemprego.com.br\/index.php?rest_route=\/wp\/v2\/posts\/1370\/revisions"}],"wp:attachment":[{"href":"https:\/\/vagas.portalemprego.com.br\/index.php?rest_route=%2Fwp%2Fv2%2Fmedia&parent=1370"}],"wp:term":[{"taxonomy":"category","embeddable":true,"href":"https:\/\/vagas.portalemprego.com.br\/index.php?rest_route=%2Fwp%2Fv2%2Fcategories&post=1370"},{"taxonomy":"post_tag","embeddable":true,"href":"https:\/\/vagas.portalemprego.com.br\/index.php?rest_route=%2Fwp%2Fv2%2Ftags&post=1370"}],"curies":[{"name":"wp","href":"https:\/\/api.w.org\/{rel}","templated":true}]}}