{"id":1371,"date":"2026-04-29T06:01:01","date_gmt":"2026-04-29T09:01:01","guid":{"rendered":"https:\/\/vagas.portalemprego.com.br\/?p=1371"},"modified":"2026-04-29T06:01:01","modified_gmt":"2026-04-29T09:01:01","slug":"operador-de-logistica-i-logistica-resende","status":"publish","type":"post","link":"https:\/\/vagas.portalemprego.com.br\/?p=1371","title":{"rendered":"OPERADOR DE LOG\u00cdSTICA I &#8211; Log\u00edstica &#8211; Resende"},"content":{"rendered":"<p>Como Operador de Log\u00edstica I, voc\u00ea ser\u00e1 fundamental na gest\u00e3o e execu\u00e7\u00e3o de atividades log\u00edsticas essenciais para o nosso neg\u00f3cio.<br \/>\nSua responsabilidade principal ser\u00e1 garantir o fluxo eficiente de materiais e produtos, desde o recebimento at\u00e9 a expedi\u00e7\u00e3o, assegurando que tudo funcione sem problemas.<\/p>\n<p>Voc\u00ea ser\u00e1 respons\u00e1vel pelo fluxo de armazenagem, controle de invent\u00e1rio e movimenta\u00e7\u00e3o de mercadorias.<br \/>\nAl\u00e9m disso, dever\u00e1 colaborar com a equipe de log\u00edstica para otimizar processos, reduzir custos e melhorar a efici\u00eancia geral das opera\u00e7\u00f5es.<br \/>\nSer\u00e1 necess\u00e1rio ter um forte senso de organiza\u00e7\u00e3o, aten\u00e7\u00e3o aos detalhes e capacidade de trabalhar em um ambiente de ritmo acelerado.<\/p>\n<p>Experi\u00eancia em log\u00edstica ou \u00e1reas afins \u00e9 um diferencial, mas n\u00e3o \u00e9 obrigat\u00f3ria.<br \/>\nO que buscamos \u00e9 algu\u00e9m com uma mentalidade proativa, capacidade de resolver problemas e comprometimento com a qualidade.<\/p>\n<p>Junte-se a n\u00f3s e fa\u00e7a parte de uma equipe que valoriza o trabalho em equipe, a inova\u00e7\u00e3o e o crescimento profissional.<br \/>\nSe voc\u00ea est\u00e1 pronto para assumir um papel ativo na cadeia log\u00edstica e deseja contribuir para o sucesso da nossa empresa, esta \u00e9 a oportunidade perfeita para voc\u00ea.<br \/>\nVenha fazer parte de um ambiente que valoriza o seu talento e oferece espa\u00e7o para crescimento e desenvolvimento.<\/p>\n<ul>\n<li>Local de trabalho: Resende, RJ<\/li>\n<li>Regime de contrata\u00e7\u00e3o de tipo: Efetivo \u2013 CLT<\/li>\n<li>Jornada: Per\u00edodo Integral<\/li>\n<li>\u00c1rea e especializa\u00e7\u00e3o profissional: Log\u00edstica &#8211; Log\u00edstica<\/li>\n<li>N\u00edvel hier\u00e1rquico: Operacional<\/li>\n<\/ul>\n<p>VALORIZADO<\/p>\n<p>Tempo de experi\u00eancia: Sem experi\u00eancia<\/p>\n<p>Escolaridade M\u00ednima: Ensino Fundamental (1\u00ba grau)<\/p>\n<ul>\n<li>VALE ALIMENTA\u00c7\u00c3O<\/li>\n<li>PLANO DE SA\u00daDE<\/li>\n<li>PLANO ODONTOL\u00d3GICO<\/li>\n<li>PLR<\/li>\n<li>CONV\u00caNIO FARM\u00c1CIA<\/li>\n<li>TRANSPORTE FRETADO<\/li>\n<li>ALIMENTA\u00c7\u00c3O NO LOCAL<\/li>\n<li>TOTAL PASS<\/li>\n<\/ul>\n","protected":false},"excerpt":{"rendered":"<p>Como Operador de Log\u00edstica I, voc\u00ea ser\u00e1 fundamental na gest\u00e3o e execu\u00e7\u00e3o de atividades log\u00edsticas essenciais para o nosso neg\u00f3cio. Sua responsabilidade principal ser\u00e1 garantir o fluxo eficiente de materiais e produtos, desde o recebimento at\u00e9 a expedi\u00e7\u00e3o, assegurando que tudo funcione sem problemas. Voc\u00ea ser\u00e1 respons\u00e1vel pelo fluxo de armazenagem, controle de invent\u00e1rio e [&hellip;]<\/p>\n","protected":false},"author":1,"featured_media":0,"comment_status":"open","ping_status":"open","sticky":false,"template":"","format":"standard","meta":{"footnotes":""},"categories":[21],"tags":[],"class_list":["post-1371","post","type-post","status-publish","format-standard","hentry","category-rio-de-janeiro-rj"],"_links":{"self":[{"href":"https:\/\/vagas.portalemprego.com.br\/index.php?rest_route=\/wp\/v2\/posts\/1371","targetHints":{"allow":["GET"]}}],"collection":[{"href":"https:\/\/vagas.portalemprego.com.br\/index.php?rest_route=\/wp\/v2\/posts"}],"about":[{"href":"https:\/\/vagas.portalemprego.com.br\/index.php?rest_route=\/wp\/v2\/types\/post"}],"author":[{"embeddable":true,"href":"https:\/\/vagas.portalemprego.com.br\/index.php?rest_route=\/wp\/v2\/users\/1"}],"replies":[{"embeddable":true,"href":"https:\/\/vagas.portalemprego.com.br\/index.php?rest_route=%2Fwp%2Fv2%2Fcomments&post=1371"}],"version-history":[{"count":0,"href":"https:\/\/vagas.portalemprego.com.br\/index.php?rest_route=\/wp\/v2\/posts\/1371\/revisions"}],"wp:attachment":[{"href":"https:\/\/vagas.portalemprego.com.br\/index.php?rest_route=%2Fwp%2Fv2%2Fmedia&parent=1371"}],"wp:term":[{"taxonomy":"category","embeddable":true,"href":"https:\/\/vagas.portalemprego.com.br\/index.php?rest_route=%2Fwp%2Fv2%2Fcategories&post=1371"},{"taxonomy":"post_tag","embeddable":true,"href":"https:\/\/vagas.portalemprego.com.br\/index.php?rest_route=%2Fwp%2Fv2%2Ftags&post=1371"}],"curies":[{"name":"wp","href":"https:\/\/api.w.org\/{rel}","templated":true}]}}