{"id":1377,"date":"2026-04-29T06:01:01","date_gmt":"2026-04-29T09:01:01","guid":{"rendered":"https:\/\/vagas.portalemprego.com.br\/?p=1377"},"modified":"2026-04-29T06:01:01","modified_gmt":"2026-04-29T09:01:01","slug":"assistente-administrativo-nova-friburgo-1333-administracao-nova-friburgo","status":"publish","type":"post","link":"https:\/\/vagas.portalemprego.com.br\/?p=1377","title":{"rendered":"Assistente Administrativo &#8211; Nova Friburgo #1333 &#8211; Administra\u00e7\u00e3o &#8211; Nova Friburgo"},"content":{"rendered":"<p>Estamos buscando um Assistente Administrativo para se juntar \u00e0 nossa equipe em Nova Friburgo. Esta \u00e9 uma oportunidade para quem busca um cargo que valoriza organiza\u00e7\u00e3o e colabora\u00e7\u00e3o em um ambiente de trabalho din\u00e2mico.<\/p>\n<p>Sal\u00e1rio fixo, vale transporte e alimenta\u00e7\u00e3o.<br \/>\n2\u00aa a s\u00e1bado.<br \/>\nFun\u00e7\u00f5es:<br \/>\nGerenciar e organizar documentos administrativos<br \/>\nCoordenar atividades de suporte ao escrit\u00f3rio<br \/>\nAcompanhar e registrar informa\u00e7\u00f5es de agenda<br \/>\nColaborar com outros setores na execu\u00e7\u00e3o de tarefas<\/p>\n<p>Requisitos:<br \/>\nExperi\u00eancia em fun\u00e7\u00f5es administrativas<br \/>\nConhecimento em Excel<br \/>\nCapacidade de organiza\u00e7\u00e3o e aten\u00e7\u00e3o aos detalhes<br \/>\nBoa comunica\u00e7\u00e3o verbal e escrita<\/p>\n<p>Benef\u00edcios:<br \/>\nOferecemos um ambiente de trabalho colaborativo<br \/>\nVoc\u00ea ter\u00e1 acesso a treinamentos de desenvolvimento profissional<br \/>\nAmbiente de trabalho seguro e acolhedor<\/p>\n<p>Esta \u00e9 uma oportunidade para quem busca um cargo presencial em um ambiente que valoriza o trabalho em equipe e a efici\u00eancia administrativa.<\/p>\n<ul>\n<li>Local de trabalho: Nova Friburgo, RJ<\/li>\n<li>Regime de contrata\u00e7\u00e3o de tipo: Efetivo \u2013 CLT<\/li>\n<li>Jornada: Per\u00edodo Integral<\/li>\n<li>\u00c1rea e especializa\u00e7\u00e3o profissional: Administra\u00e7\u00e3o &#8211; Administra\u00e7\u00e3o Geral<\/li>\n<li>N\u00edvel hier\u00e1rquico: Operacional<\/li>\n<\/ul>\n<p>VALORIZADO<\/p>\n<p>Tempo de experi\u00eancia: Entre 1 e 3 anos<\/p>\n<p>Escolaridade M\u00ednima: Ensino M\u00e9dio (2\u00ba Grau)<\/p>\n<p>Sal\u00e1rio: 2500,0<\/p>\n","protected":false},"excerpt":{"rendered":"<p>Estamos buscando um Assistente Administrativo para se juntar \u00e0 nossa equipe em Nova Friburgo. Esta \u00e9 uma oportunidade para quem busca um cargo que valoriza organiza\u00e7\u00e3o e colabora\u00e7\u00e3o em um ambiente de trabalho din\u00e2mico. Sal\u00e1rio fixo, vale transporte e alimenta\u00e7\u00e3o. 2\u00aa a s\u00e1bado. Fun\u00e7\u00f5es: Gerenciar e organizar documentos administrativos Coordenar atividades de suporte ao escrit\u00f3rio [&hellip;]<\/p>\n","protected":false},"author":1,"featured_media":0,"comment_status":"open","ping_status":"open","sticky":false,"template":"","format":"standard","meta":{"footnotes":""},"categories":[21],"tags":[],"class_list":["post-1377","post","type-post","status-publish","format-standard","hentry","category-rio-de-janeiro-rj"],"_links":{"self":[{"href":"https:\/\/vagas.portalemprego.com.br\/index.php?rest_route=\/wp\/v2\/posts\/1377","targetHints":{"allow":["GET"]}}],"collection":[{"href":"https:\/\/vagas.portalemprego.com.br\/index.php?rest_route=\/wp\/v2\/posts"}],"about":[{"href":"https:\/\/vagas.portalemprego.com.br\/index.php?rest_route=\/wp\/v2\/types\/post"}],"author":[{"embeddable":true,"href":"https:\/\/vagas.portalemprego.com.br\/index.php?rest_route=\/wp\/v2\/users\/1"}],"replies":[{"embeddable":true,"href":"https:\/\/vagas.portalemprego.com.br\/index.php?rest_route=%2Fwp%2Fv2%2Fcomments&post=1377"}],"version-history":[{"count":0,"href":"https:\/\/vagas.portalemprego.com.br\/index.php?rest_route=\/wp\/v2\/posts\/1377\/revisions"}],"wp:attachment":[{"href":"https:\/\/vagas.portalemprego.com.br\/index.php?rest_route=%2Fwp%2Fv2%2Fmedia&parent=1377"}],"wp:term":[{"taxonomy":"category","embeddable":true,"href":"https:\/\/vagas.portalemprego.com.br\/index.php?rest_route=%2Fwp%2Fv2%2Fcategories&post=1377"},{"taxonomy":"post_tag","embeddable":true,"href":"https:\/\/vagas.portalemprego.com.br\/index.php?rest_route=%2Fwp%2Fv2%2Ftags&post=1377"}],"curies":[{"name":"wp","href":"https:\/\/api.w.org\/{rel}","templated":true}]}}