{"id":1378,"date":"2026-04-29T06:01:01","date_gmt":"2026-04-29T09:01:01","guid":{"rendered":"https:\/\/vagas.portalemprego.com.br\/?p=1378"},"modified":"2026-04-29T06:01:01","modified_gmt":"2026-04-29T09:01:01","slug":"analista-contabil-junior-niteroi-contabil-financas-economia-niteroi","status":"publish","type":"post","link":"https:\/\/vagas.portalemprego.com.br\/?p=1378","title":{"rendered":"Analista Cont\u00e1bil J\u00fanior &#8211; Niter\u00f3i &#8211; Cont\u00e1bil, Finan\u00e7as, Economia &#8211; Niter\u00f3i"},"content":{"rendered":"<p>Estamos buscando um Analista Cont\u00e1bil J\u00fanior para se juntar ao nosso time em Niter\u00f3i. A posi\u00e7\u00e3o \u00e9 h\u00edbrida, permitindo flexibilidade entre trabalho presencial e remoto.<br \/>\nRequisitos<br \/>\n        . Ensino Superior em Ci\u00eancias Cont\u00e1beis<br \/>\n        . Excel Intermedi\u00e1rio \/ avan\u00e7ado<br \/>\n        . Experi\u00eancia no m\u00ednimo de 2 ano na fun\u00e7\u00e3o<br \/>\n        . F\u00e1cil acesso a Niter\u00f3i<br \/>\n        . Desej\u00e1vel experi\u00eancia em escrit\u00f3rio cont\u00e1bil   <\/p>\n<p>Atividades<br \/>\n        . Classificar, conferir e registrar documentos cont\u00e1beis; Efetuar lan\u00e7amentos cont\u00e1beis e concilia\u00e7\u00f5es banc\u00e1rias e patrimoniais; Apoiar e executar fechamentos cont\u00e1beis mensais; Elaborar balancetes, raz\u00e3o, demonstra\u00e7\u00f5es cont\u00e1beis e suportes de an\u00e1lise; Conferir integra\u00e7\u00e3o cont\u00e1bil de sistemas e parametriza\u00e7\u00f5es; Apoiar a prepara\u00e7\u00e3o de ECD, ECF e demais rotinas acess\u00f3rias relacionadas \u00e0 contabilidade; Realizar an\u00e1lise de contas patrimoniais e de resultado; Dar suporte a auditorias, fiscaliza\u00e7\u00f5es e demandas de clientes; Interagir com a equipe fiscal e de departamento pessoal para consist\u00eancia das informa\u00e7\u00f5es; Apoiar a padroniza\u00e7\u00e3o de processos, controles internos e organiza\u00e7\u00e3o documental.<\/p>\n<ul>\n<li>Local de trabalho: Niter\u00f3i, RJ<\/li>\n<li>Regime de contrata\u00e7\u00e3o de tipo: Efetivo \u2013 CLT<\/li>\n<li>Jornada: Per\u00edodo Integral<\/li>\n<li>\u00c1rea e especializa\u00e7\u00e3o profissional: Cont\u00e1bil, Finan\u00e7as, Economia &#8211; Contabilidade<\/li>\n<li>N\u00edvel hier\u00e1rquico: Analista<\/li>\n<\/ul>\n<p>VALORIZADO<\/p>\n<p>Tempo de experi\u00eancia: Entre 1 e 3 anos<\/p>\n<p>HABILIDADES<\/p>\n<ul>\n<li>Microsoft excel<\/li>\n<li>Capacidade de an\u00e1lise<\/li>\n<li>Adaptabilidade<\/li>\n<li>Organiza\u00e7\u00e3o<\/li>\n<li>Compromisso<\/li>\n<li>Vontade de aprender<\/li>\n<\/ul>\n<p>Escolaridade M\u00ednima: Ensino Superior<\/p>\n<ul>\n<li>plano de saude<\/li>\n<li>day off anivers\u00e1rio<\/li>\n<li>Vale-refei\u00e7\u00e3o<\/li>\n<li>Vale-transporte<\/li>\n<li>Participa\u00e7\u00e3o nos lucros<\/li>\n<\/ul>\n<p>Sal\u00e1rio: 2500,0<\/p>\n","protected":false},"excerpt":{"rendered":"<p>Estamos buscando um Analista Cont\u00e1bil J\u00fanior para se juntar ao nosso time em Niter\u00f3i. A posi\u00e7\u00e3o \u00e9 h\u00edbrida, permitindo flexibilidade entre trabalho presencial e remoto. Requisitos . Ensino Superior em Ci\u00eancias Cont\u00e1beis . Excel Intermedi\u00e1rio \/ avan\u00e7ado . Experi\u00eancia no m\u00ednimo de 2 ano na fun\u00e7\u00e3o . F\u00e1cil acesso a Niter\u00f3i . Desej\u00e1vel experi\u00eancia em [&hellip;]<\/p>\n","protected":false},"author":1,"featured_media":0,"comment_status":"open","ping_status":"open","sticky":false,"template":"","format":"standard","meta":{"footnotes":""},"categories":[21],"tags":[],"class_list":["post-1378","post","type-post","status-publish","format-standard","hentry","category-rio-de-janeiro-rj"],"_links":{"self":[{"href":"https:\/\/vagas.portalemprego.com.br\/index.php?rest_route=\/wp\/v2\/posts\/1378","targetHints":{"allow":["GET"]}}],"collection":[{"href":"https:\/\/vagas.portalemprego.com.br\/index.php?rest_route=\/wp\/v2\/posts"}],"about":[{"href":"https:\/\/vagas.portalemprego.com.br\/index.php?rest_route=\/wp\/v2\/types\/post"}],"author":[{"embeddable":true,"href":"https:\/\/vagas.portalemprego.com.br\/index.php?rest_route=\/wp\/v2\/users\/1"}],"replies":[{"embeddable":true,"href":"https:\/\/vagas.portalemprego.com.br\/index.php?rest_route=%2Fwp%2Fv2%2Fcomments&post=1378"}],"version-history":[{"count":0,"href":"https:\/\/vagas.portalemprego.com.br\/index.php?rest_route=\/wp\/v2\/posts\/1378\/revisions"}],"wp:attachment":[{"href":"https:\/\/vagas.portalemprego.com.br\/index.php?rest_route=%2Fwp%2Fv2%2Fmedia&parent=1378"}],"wp:term":[{"taxonomy":"category","embeddable":true,"href":"https:\/\/vagas.portalemprego.com.br\/index.php?rest_route=%2Fwp%2Fv2%2Fcategories&post=1378"},{"taxonomy":"post_tag","embeddable":true,"href":"https:\/\/vagas.portalemprego.com.br\/index.php?rest_route=%2Fwp%2Fv2%2Ftags&post=1378"}],"curies":[{"name":"wp","href":"https:\/\/api.w.org\/{rel}","templated":true}]}}