{"id":1379,"date":"2026-04-29T06:01:01","date_gmt":"2026-04-29T09:01:01","guid":{"rendered":"https:\/\/vagas.portalemprego.com.br\/?p=1379"},"modified":"2026-04-29T06:01:01","modified_gmt":"2026-04-29T09:01:01","slug":"coordenador-de-relacionamento-com-clientes-administracao-petropolis","status":"publish","type":"post","link":"https:\/\/vagas.portalemprego.com.br\/?p=1379","title":{"rendered":"Coordenador de Relacionamento com Clientes &#8211; Administra\u00e7\u00e3o &#8211; Petr\u00f3polis"},"content":{"rendered":"<p>Se voc\u00ea busca uma empresa que valoriza o seu desenvolvimento, incentiva o aprimoramento de habilidades e compet\u00eancias e promove um crescimento pessoal cont\u00ednuo \u2014 e ainda \u00e9 apaixonado pelo ramo \u00f3ptico \u2014 essa oportunidade \u00e9 para voc\u00ea!<br \/>\nVenha fazer parte do nosso TIME e contribuir para que mais pessoas enxerguem o mundo de uma forma melhor!<br \/>\nNa posi\u00e7\u00e3o de Coordenador de Relacionamento com Clientes, voc\u00ea ser\u00e1 respons\u00e1vel por garantir uma jornada de excel\u00eancia, promovendo o engajamento dos clientes e contribuindo diretamente para os resultados do neg\u00f3cio.<\/p>\n<p>Principais responsabilidades:<br \/>\nGerenciar as intera\u00e7\u00f5es di\u00e1rias com clientes, assegurando um atendimento de alto n\u00edvel;<br \/>\nCoordenar as atividades de suporte t\u00e9cnico e a resolu\u00e7\u00e3o de problemas;<br \/>\nAcompanhar as demandas dos clientes, identificando oportunidades de melhoria cont\u00ednua;<br \/>\nAtuar em parceria com \u00e1reas internas para garantir a entrega de servi\u00e7os com qualidade e efici\u00eancia;<br \/>\nMonitorar indicadores de satisfa\u00e7\u00e3o e propor a\u00e7\u00f5es estrat\u00e9gicas de melhoria na experi\u00eancia do cliente;<br \/>\nLiderar iniciativas e projetos voltados ao relacionamento e fideliza\u00e7\u00e3o.<br \/>\nRequisitos e perfil desejado:<br \/>\nEnsino superior completo em Administra\u00e7\u00e3o, Engenharia, Comunica\u00e7\u00e3o, Marketing, Gest\u00e3o de Processos, ou \u00e1reas correlatas.<br \/>\nP\u00f3s-gradua\u00e7\u00e3o ou especializa\u00e7\u00e3o em Customer Experience, Gest\u00e3o de Neg\u00f3cios, Opera\u00e7\u00f5es ou \u00e1reas afins ser\u00e1 considerada diferencial.<br \/>\nExperi\u00eancia pr\u00e9via em lideran\u00e7a de opera\u00e7\u00f5es de atendimento ou CX.<br \/>\nConhecimento em gest\u00e3o de indicadores (NPS, CSAT, SLA, FCR, produtividade).<br \/>\nViv\u00eancia com opera\u00e7\u00f5es multicanal (WhatsApp, telefone, digital).<br \/>\nExperi\u00eancia em gest\u00e3o de equipes e desenvolvimento de pessoas.<br \/>\nConhecimento em melhoria de processos e an\u00e1lise de causa raiz.<br \/>\nDiferenciais:<br \/>\nDesej\u00e1vel experi\u00eancia com ferramentas de CRM, plataformas de atendimento e automa\u00e7\u00e3o.<br \/>\nExperi\u00eancia em opera\u00e7\u00f5es B2B e\/ou B2B2C.<br \/>\nViv\u00eancia em ambientes com alta complexidade operacional.<br \/>\nConhecimento em metodologias \u00e1geis e melhoria cont\u00ednua.<br \/>\nExperi\u00eancia em transforma\u00e7\u00e3o digital e canais automatizados (chatbots, IA).<br \/>\nNosso compromisso<br \/>\nEstamos comprometidos em oferecer um processo de sele\u00e7\u00e3o justo, com igualdade de oportunidades para todos os candidatos.<br \/>\nAcreditamos que a diversidade de compet\u00eancias, experi\u00eancias e perspectivas fortalece nosso ambiente de trabalho, promovendo respeito e valoriza\u00e7\u00e3o das diferen\u00e7as.<br \/>\nProte\u00e7\u00e3o de dados<br \/>\nOs dados fornecidos neste processo seletivo s\u00e3o confidenciais e ser\u00e3o armazenados de forma segura. Os curr\u00edculos ser\u00e3o mantidos pelo per\u00edodo legal, conforme a Lei Geral de Prote\u00e7\u00e3o de Dados (LGPD).<br \/>\nDeclara\u00e7\u00e3o de Responsabilidade<br \/>\nAo se candidatar a esta vaga, voc\u00ea declara que todas as informa\u00e7\u00f5es prestadas s\u00e3o verdadeiras e de sua inteira responsabilidade, estando ciente de que dados incorretos ou falsos podem resultar na desclassifica\u00e7\u00e3o do processo seletivo.<\/p>\n<ul>\n<li>Local de trabalho: Petr\u00f3polis, RJ<\/li>\n<li>Regime de contrata\u00e7\u00e3o de tipo: Efetivo \u2013 CLT<\/li>\n<li>Jornada: Per\u00edodo Integral<\/li>\n<li>\u00c1rea e especializa\u00e7\u00e3o profissional: Administra\u00e7\u00e3o &#8211; Administra\u00e7\u00e3o Geral<\/li>\n<li>N\u00edvel hier\u00e1rquico: Coordenador<\/li>\n<\/ul>\n<p>HABILIDADES<\/p>\n<ul>\n<li>Gest\u00e3o do ambiente de trabalho<\/li>\n<li>Prospec\u00e7\u00e3o de clientes<\/li>\n<li>Fechamento de vendas<\/li>\n<li>Product placement<\/li>\n<li>Trabalho em equipe<\/li>\n<\/ul>\n<p>Escolaridade M\u00ednima: P\u00f3s-gradua\u00e7\u00e3o &#8211; Especializa\u00e7\u00e3o\/MBA<\/p>\n","protected":false},"excerpt":{"rendered":"<p>Se voc\u00ea busca uma empresa que valoriza o seu desenvolvimento, incentiva o aprimoramento de habilidades e compet\u00eancias e promove um crescimento pessoal cont\u00ednuo \u2014 e ainda \u00e9 apaixonado pelo ramo \u00f3ptico \u2014 essa oportunidade \u00e9 para voc\u00ea! Venha fazer parte do nosso TIME e contribuir para que mais pessoas enxerguem o mundo de uma forma [&hellip;]<\/p>\n","protected":false},"author":1,"featured_media":0,"comment_status":"open","ping_status":"open","sticky":false,"template":"","format":"standard","meta":{"footnotes":""},"categories":[21],"tags":[],"class_list":["post-1379","post","type-post","status-publish","format-standard","hentry","category-rio-de-janeiro-rj"],"_links":{"self":[{"href":"https:\/\/vagas.portalemprego.com.br\/index.php?rest_route=\/wp\/v2\/posts\/1379","targetHints":{"allow":["GET"]}}],"collection":[{"href":"https:\/\/vagas.portalemprego.com.br\/index.php?rest_route=\/wp\/v2\/posts"}],"about":[{"href":"https:\/\/vagas.portalemprego.com.br\/index.php?rest_route=\/wp\/v2\/types\/post"}],"author":[{"embeddable":true,"href":"https:\/\/vagas.portalemprego.com.br\/index.php?rest_route=\/wp\/v2\/users\/1"}],"replies":[{"embeddable":true,"href":"https:\/\/vagas.portalemprego.com.br\/index.php?rest_route=%2Fwp%2Fv2%2Fcomments&post=1379"}],"version-history":[{"count":0,"href":"https:\/\/vagas.portalemprego.com.br\/index.php?rest_route=\/wp\/v2\/posts\/1379\/revisions"}],"wp:attachment":[{"href":"https:\/\/vagas.portalemprego.com.br\/index.php?rest_route=%2Fwp%2Fv2%2Fmedia&parent=1379"}],"wp:term":[{"taxonomy":"category","embeddable":true,"href":"https:\/\/vagas.portalemprego.com.br\/index.php?rest_route=%2Fwp%2Fv2%2Fcategories&post=1379"},{"taxonomy":"post_tag","embeddable":true,"href":"https:\/\/vagas.portalemprego.com.br\/index.php?rest_route=%2Fwp%2Fv2%2Ftags&post=1379"}],"curies":[{"name":"wp","href":"https:\/\/api.w.org\/{rel}","templated":true}]}}