{"id":1388,"date":"2026-04-29T06:01:01","date_gmt":"2026-04-29T09:01:01","guid":{"rendered":"https:\/\/vagas.portalemprego.com.br\/?p=1388"},"modified":"2026-04-29T06:01:01","modified_gmt":"2026-04-29T09:01:01","slug":"vendedor-externo-comercial-vendas-queimados","status":"publish","type":"post","link":"https:\/\/vagas.portalemprego.com.br\/?p=1388","title":{"rendered":"Vendedor Externo &#8211; Comercial, Vendas &#8211; Queimados"},"content":{"rendered":"<p>**Vaga de Emprego: Vendedor Externo**<br \/>\nEstamos em busca de um profissional din\u00e2mico e com forte voca\u00e7\u00e3o para vendas para integrar nossa equipe externa. Se voc\u00ea tem experi\u00eancia em vendas e busca um novo desafio, esta \u00e9 a oportunidade perfeita para voc\u00ea.<br \/>\nComo Vendedor Externo, voc\u00ea ser\u00e1 respons\u00e1vel por alcan\u00e7ar e superar metas de vendas, promovendo nossos produtos e servi\u00e7os diretamente com clientes em potencial.Seu papel ser\u00e1 fundamental para o crescimento e a expans\u00e3o de nossa marca no mercado.<br \/>\nVoc\u00ea deve ter uma excelente comunica\u00e7\u00e3o e habilidades de negocia\u00e7\u00e3o, al\u00e9m de uma atitude proativa e engajamento com o cliente.Experi\u00eancia em vendas, preferencialmente em produtos de moda ou similar, \u00e9 um diferencial importante.<br \/>\nAl\u00e9m de um sal\u00e1rio competitivo, oferecemos benef\u00edcios como comiss\u00f5es sobre vendas e um ambiente de trabalho acolhedor e motivador.<br \/>\nSe voc\u00ea \u00e9 uma pessoa que se destaca em interagir com clientes e tem um foco claro em resultados, esta vaga \u00e9 para voc\u00ea. Junte-se \u00e0 nossa equipe e fa\u00e7a parte de um processo de crescimento e desenvolvimento cont\u00ednuo.<br \/>\nInteressados devem enviar seu curr\u00edculo diretamente para a vaga.N\u00e3o perca essa chance de fazer parte de uma equipe que valoriza o trabalho em equipe e o desenvolvimento profissional.<br \/>\nAguardamos seu curr\u00edculo para avaliarmos sua candidatura e convid\u00e1-lo para uma entrevista.<br \/>\nJunte-se a n\u00f3s e contribua para o nosso sucesso!<\/p>\n<ul>\n<li>Local de trabalho: Queimados, RJ<\/li>\n<li>Regime de contrata\u00e7\u00e3o de tipo: Efetivo \u2013 CLT<\/li>\n<li>Jornada: Per\u00edodo Integral<\/li>\n<li>\u00c1rea e especializa\u00e7\u00e3o profissional: Comercial, Vendas &#8211; Venda Externa<\/li>\n<li>N\u00edvel hier\u00e1rquico: Especialista<\/li>\n<\/ul>\n<p>VALORIZADO<\/p>\n<p>Tempo de experi\u00eancia: Entre 1 e 3 anos<\/p>\n<p>HABILIDADES<\/p>\n<ul>\n<li>No\u00e7\u00f5es de c\u00e1lculos e finan\u00e7a; F\u00e1cil adaptabilidade; Competitividade; Tenacidade Comercial; Comunica\u00e7\u00e3o Assertiva; Disciplina\/ Organiza\u00e7\u00e3o; Foco em Metas; Intelig\u00eancia Emocional; Administra\u00e7\u00e3o de Tempo.<\/li>\n<\/ul>\n<p>Escolaridade M\u00ednima: Ensino M\u00e9dio (2\u00ba Grau)<\/p>\n<ul>\n<li>Seguro de vida.<\/li>\n<li>Reembolso de despesas de viagem;<\/li>\n<li>Cart\u00e3o combust\u00edvel;<\/li>\n<li>Carro fornecido pela empresa;<\/li>\n<li>Assist\u00eancia Odontol\u00f3gica;<\/li>\n<li>Assist\u00eancia M\u00e9dica;<\/li>\n<li>Vale Refei\u00e7\u00e3o<\/li>\n<\/ul>\n","protected":false},"excerpt":{"rendered":"<p>**Vaga de Emprego: Vendedor Externo** Estamos em busca de um profissional din\u00e2mico e com forte voca\u00e7\u00e3o para vendas para integrar nossa equipe externa. Se voc\u00ea tem experi\u00eancia em vendas e busca um novo desafio, esta \u00e9 a oportunidade perfeita para voc\u00ea. Como Vendedor Externo, voc\u00ea ser\u00e1 respons\u00e1vel por alcan\u00e7ar e superar metas de vendas, promovendo [&hellip;]<\/p>\n","protected":false},"author":1,"featured_media":0,"comment_status":"open","ping_status":"open","sticky":false,"template":"","format":"standard","meta":{"footnotes":""},"categories":[21],"tags":[],"class_list":["post-1388","post","type-post","status-publish","format-standard","hentry","category-rio-de-janeiro-rj"],"_links":{"self":[{"href":"https:\/\/vagas.portalemprego.com.br\/index.php?rest_route=\/wp\/v2\/posts\/1388","targetHints":{"allow":["GET"]}}],"collection":[{"href":"https:\/\/vagas.portalemprego.com.br\/index.php?rest_route=\/wp\/v2\/posts"}],"about":[{"href":"https:\/\/vagas.portalemprego.com.br\/index.php?rest_route=\/wp\/v2\/types\/post"}],"author":[{"embeddable":true,"href":"https:\/\/vagas.portalemprego.com.br\/index.php?rest_route=\/wp\/v2\/users\/1"}],"replies":[{"embeddable":true,"href":"https:\/\/vagas.portalemprego.com.br\/index.php?rest_route=%2Fwp%2Fv2%2Fcomments&post=1388"}],"version-history":[{"count":0,"href":"https:\/\/vagas.portalemprego.com.br\/index.php?rest_route=\/wp\/v2\/posts\/1388\/revisions"}],"wp:attachment":[{"href":"https:\/\/vagas.portalemprego.com.br\/index.php?rest_route=%2Fwp%2Fv2%2Fmedia&parent=1388"}],"wp:term":[{"taxonomy":"category","embeddable":true,"href":"https:\/\/vagas.portalemprego.com.br\/index.php?rest_route=%2Fwp%2Fv2%2Fcategories&post=1388"},{"taxonomy":"post_tag","embeddable":true,"href":"https:\/\/vagas.portalemprego.com.br\/index.php?rest_route=%2Fwp%2Fv2%2Ftags&post=1388"}],"curies":[{"name":"wp","href":"https:\/\/api.w.org\/{rel}","templated":true}]}}