{"id":1389,"date":"2026-04-29T06:01:01","date_gmt":"2026-04-29T09:01:01","guid":{"rendered":"https:\/\/vagas.portalemprego.com.br\/?p=1389"},"modified":"2026-04-29T06:01:01","modified_gmt":"2026-04-29T09:01:01","slug":"assistente-administrativo-administracao-rio-de-janeiro-3","status":"publish","type":"post","link":"https:\/\/vagas.portalemprego.com.br\/?p=1389","title":{"rendered":"Assistente Administrativo &#8211; Administra\u00e7\u00e3o &#8211; Rio de Janeiro"},"content":{"rendered":"<p>Estamos em busca de um Assistente Administrativo para se juntar \u00e0 nossa equipe na Vigban! Este \u00e9 um cargo importante para garantir a organiza\u00e7\u00e3o e o bom funcionamento das rotinas administrativas, com atua\u00e7\u00e3o voltada ao controle de informa\u00e7\u00f5es, atendimento e apoio operacional.<br \/>\nO profissional dever\u00e1 ter experi\u00eancia na \u00e1rea administrativa, dom\u00ednio b\u00e1sico de inform\u00e1tica e aten\u00e7\u00e3o aos detalhes, sendo respons\u00e1vel pelo manuseio de documentos e suporte \u00e0s demandas do dia a dia.<br \/>\nLocal de trabalho: Barra Ol\u00edmpica &#8211; Condom\u00ednio Residencial<br \/>\nEscala: 12&#215;36 &#8211; 07h \u00e0s 19h<br \/>\nSal\u00e1rio: R$ 2.300,00  |  Benef\u00edcios:\u00a0V.T. + Ticket Alimenta\u00e7\u00e3o \/ Refei\u00e7\u00e3o<br \/>\nResponsabilidades: O trabalho envolve a execu\u00e7\u00e3o de rotinas administrativas, controle e organiza\u00e7\u00e3o de documentos, atualiza\u00e7\u00e3o de planilhas e sistemas, al\u00e9m do atendimento ao p\u00fablico interno e externo. O profissional ser\u00e1 respons\u00e1vel por conferir informa\u00e7\u00f5es, manter registros atualizados e apoiar nas demandas administrativas, garantindo organiza\u00e7\u00e3o, precis\u00e3o e sigilo nas atividades realizadas.<br \/>\nRequisitos: \u00c9 importante possuir experi\u00eancia pr\u00e9via na \u00e1rea administrativa, al\u00e9m de conhecimentos em inform\u00e1tica (Pacote Office). Experi\u00eancia em rotinas estruturadas ser\u00e1 considerada um diferencial. Buscamos um profissional organizado, proativo, com boa comunica\u00e7\u00e3o e capacidade de lidar com m\u00faltiplas demandas no dia a dia.<br \/>\nA Vigban valoriza um ambiente de trabalho organizado e profissional, oferecendo oportunidade para atua\u00e7\u00e3o em uma rotina estruturada e com foco em qualidade. Se voc\u00ea possui perfil respons\u00e1vel e busca uma oportunidade est\u00e1vel, essa vaga pode ser para voc\u00ea.<br \/>\nJunte-se \u00e0 Vigban e fa\u00e7a parte do nosso time!<\/p>\n<ul>\n<li>N\u00famero de vagas: 2<\/li>\n<li>Local de trabalho: Rio de Janeiro, RJ<\/li>\n<li>Regime de contrata\u00e7\u00e3o de tipo: Efetivo \u2013 CLT<\/li>\n<li>Jornada: Per\u00edodo Integral<\/li>\n<li>\u00c1rea e especializa\u00e7\u00e3o profissional: Administra\u00e7\u00e3o &#8211; Administra\u00e7\u00e3o Geral<\/li>\n<li>N\u00edvel hier\u00e1rquico: Assistente<\/li>\n<\/ul>\n<p>VALORIZADO<\/p>\n<p>Tempo de experi\u00eancia: Entre 1 e 3 anos<\/p>\n<p>HABILIDADES<\/p>\n<ul>\n<li>Inform\u00e1tica<\/li>\n<li>Rotinas administrativas<\/li>\n<li>Atendimento ao p\u00fablico<\/li>\n<li>Controle de planilhas<\/li>\n<li>Gest\u00e3o de m\u00faltiplas tarefas<\/li>\n<li>Comunica\u00e7\u00e3o<\/li>\n<li>Relacionamento Interpessoal<\/li>\n<li>Trabalho em equipe<\/li>\n<li>Proatividade<\/li>\n<li>Aten\u00e7\u00e3o aos detalhes<\/li>\n<li>Dinamismo<\/li>\n<li>Discri\u00e7\u00e3o<\/li>\n<li>Responsabilidade<\/li>\n<li>Organiza\u00e7\u00e3o<\/li>\n<\/ul>\n<p>Escolaridade M\u00ednima: Ensino M\u00e9dio (2\u00ba Grau)<\/p>\n<p>Forma\u00e7\u00e3o desejada:<\/p>\n<ul>\n<li>Ensino M\u00e9dio (2\u00ba Grau)<\/li>\n<\/ul>\n<p>Sal\u00e1rio: 2300,0<\/p>\n","protected":false},"excerpt":{"rendered":"<p>Estamos em busca de um Assistente Administrativo para se juntar \u00e0 nossa equipe na Vigban! Este \u00e9 um cargo importante para garantir a organiza\u00e7\u00e3o e o bom funcionamento das rotinas administrativas, com atua\u00e7\u00e3o voltada ao controle de informa\u00e7\u00f5es, atendimento e apoio operacional. O profissional dever\u00e1 ter experi\u00eancia na \u00e1rea administrativa, dom\u00ednio b\u00e1sico de inform\u00e1tica e [&hellip;]<\/p>\n","protected":false},"author":1,"featured_media":0,"comment_status":"open","ping_status":"open","sticky":false,"template":"","format":"standard","meta":{"footnotes":""},"categories":[21],"tags":[],"class_list":["post-1389","post","type-post","status-publish","format-standard","hentry","category-rio-de-janeiro-rj"],"_links":{"self":[{"href":"https:\/\/vagas.portalemprego.com.br\/index.php?rest_route=\/wp\/v2\/posts\/1389","targetHints":{"allow":["GET"]}}],"collection":[{"href":"https:\/\/vagas.portalemprego.com.br\/index.php?rest_route=\/wp\/v2\/posts"}],"about":[{"href":"https:\/\/vagas.portalemprego.com.br\/index.php?rest_route=\/wp\/v2\/types\/post"}],"author":[{"embeddable":true,"href":"https:\/\/vagas.portalemprego.com.br\/index.php?rest_route=\/wp\/v2\/users\/1"}],"replies":[{"embeddable":true,"href":"https:\/\/vagas.portalemprego.com.br\/index.php?rest_route=%2Fwp%2Fv2%2Fcomments&post=1389"}],"version-history":[{"count":0,"href":"https:\/\/vagas.portalemprego.com.br\/index.php?rest_route=\/wp\/v2\/posts\/1389\/revisions"}],"wp:attachment":[{"href":"https:\/\/vagas.portalemprego.com.br\/index.php?rest_route=%2Fwp%2Fv2%2Fmedia&parent=1389"}],"wp:term":[{"taxonomy":"category","embeddable":true,"href":"https:\/\/vagas.portalemprego.com.br\/index.php?rest_route=%2Fwp%2Fv2%2Fcategories&post=1389"},{"taxonomy":"post_tag","embeddable":true,"href":"https:\/\/vagas.portalemprego.com.br\/index.php?rest_route=%2Fwp%2Fv2%2Ftags&post=1389"}],"curies":[{"name":"wp","href":"https:\/\/api.w.org\/{rel}","templated":true}]}}