{"id":1396,"date":"2026-04-29T06:01:01","date_gmt":"2026-04-29T09:01:01","guid":{"rendered":"https:\/\/vagas.portalemprego.com.br\/?p=1396"},"modified":"2026-04-29T06:01:01","modified_gmt":"2026-04-29T09:01:01","slug":"gerente-de-loja-de-shopping-feirao-das-malhas-comercial-vendas-duque-de-caxias","status":"publish","type":"post","link":"https:\/\/vagas.portalemprego.com.br\/?p=1396","title":{"rendered":"Gerente de Loja de Shopping (Feir\u00e3o das Malhas) &#8211; Comercial, Vendas &#8211; Duque de Caxias"},"content":{"rendered":"<p>Introdu\u00e7\u00e3o: Estamos em busca de uma Gerente de Loja para trabalhar Feir\u00e3o das Malhas em Duque de Caxias\/RJ. O cargo \u00e9 essencial para garantir o bom funcionamento e o crescimento da loja.<br \/>\nFun\u00e7\u00f5es:<br \/>\nGerenciar as atividades di\u00e1rias da loja<br \/>\nCoordenar equipes de vendas<br \/>\nAcompanhar as vendas e o estoque<br \/>\nPromover a satisfa\u00e7\u00e3o do cliente<br \/>\nColaborar com estrat\u00e9gias de marketing<\/p>\n<p>Requisitos:<br \/>\nEnsimo m\u00e9dio completo (Gradua\u00e7\u00e3o ser\u00e1 um diferencial)<br \/>\nExperi\u00eancia em gest\u00e3o de lojas de varejo<br \/>\nConhecimento em vendas e marketing<br \/>\nCapacidade de lideran\u00e7a e trabalho em equipe<br \/>\nHabilidades em comunica\u00e7\u00e3o e negocia\u00e7\u00e3o<\/p>\n<p>Benef\u00edcios:<br \/>\nSal\u00e1rio de R$ 1963,33 + 1% sobre as vendas da loja.<br \/>\nVale Transporte<br \/>\nJornada de Trabalho de Quarta a S\u00e1bado das 08:00hs as 18:00hs<br \/>\nAmbiente de trabalho din\u00e2mico e colaborativo<\/p>\n<p>Trabalhe conosco em um ambiente que valoriza o crescimento profissional e a colabora\u00e7\u00e3o.<\/p>\n<ul>\n<li>Local de trabalho: Duque de Caxias, RJ<\/li>\n<li>Regime de contrata\u00e7\u00e3o de tipo: Efetivo \u2013 CLT<\/li>\n<li>Jornada: Per\u00edodo Integral<\/li>\n<li>\u00c1rea e especializa\u00e7\u00e3o profissional: Comercial, Vendas &#8211; Lojas \/ Shopping<\/li>\n<li>N\u00edvel hier\u00e1rquico: Gerente<\/li>\n<\/ul>\n<p>VALORIZADO<\/p>\n<p>Tempo de experi\u00eancia: Entre 1 e 3 anos<\/p>\n<p>Escolaridade M\u00ednima: Ensino M\u00e9dio (2\u00ba Grau)<\/p>\n<p>Sal\u00e1rio: 3200,0<\/p>\n","protected":false},"excerpt":{"rendered":"<p>Introdu\u00e7\u00e3o: Estamos em busca de uma Gerente de Loja para trabalhar Feir\u00e3o das Malhas em Duque de Caxias\/RJ. O cargo \u00e9 essencial para garantir o bom funcionamento e o crescimento da loja. Fun\u00e7\u00f5es: Gerenciar as atividades di\u00e1rias da loja Coordenar equipes de vendas Acompanhar as vendas e o estoque Promover a satisfa\u00e7\u00e3o do cliente Colaborar [&hellip;]<\/p>\n","protected":false},"author":1,"featured_media":0,"comment_status":"open","ping_status":"open","sticky":false,"template":"","format":"standard","meta":{"footnotes":""},"categories":[21],"tags":[],"class_list":["post-1396","post","type-post","status-publish","format-standard","hentry","category-rio-de-janeiro-rj"],"_links":{"self":[{"href":"https:\/\/vagas.portalemprego.com.br\/index.php?rest_route=\/wp\/v2\/posts\/1396","targetHints":{"allow":["GET"]}}],"collection":[{"href":"https:\/\/vagas.portalemprego.com.br\/index.php?rest_route=\/wp\/v2\/posts"}],"about":[{"href":"https:\/\/vagas.portalemprego.com.br\/index.php?rest_route=\/wp\/v2\/types\/post"}],"author":[{"embeddable":true,"href":"https:\/\/vagas.portalemprego.com.br\/index.php?rest_route=\/wp\/v2\/users\/1"}],"replies":[{"embeddable":true,"href":"https:\/\/vagas.portalemprego.com.br\/index.php?rest_route=%2Fwp%2Fv2%2Fcomments&post=1396"}],"version-history":[{"count":0,"href":"https:\/\/vagas.portalemprego.com.br\/index.php?rest_route=\/wp\/v2\/posts\/1396\/revisions"}],"wp:attachment":[{"href":"https:\/\/vagas.portalemprego.com.br\/index.php?rest_route=%2Fwp%2Fv2%2Fmedia&parent=1396"}],"wp:term":[{"taxonomy":"category","embeddable":true,"href":"https:\/\/vagas.portalemprego.com.br\/index.php?rest_route=%2Fwp%2Fv2%2Fcategories&post=1396"},{"taxonomy":"post_tag","embeddable":true,"href":"https:\/\/vagas.portalemprego.com.br\/index.php?rest_route=%2Fwp%2Fv2%2Ftags&post=1396"}],"curies":[{"name":"wp","href":"https:\/\/api.w.org\/{rel}","templated":true}]}}