{"id":1397,"date":"2026-04-29T06:01:01","date_gmt":"2026-04-29T09:01:01","guid":{"rendered":"https:\/\/vagas.portalemprego.com.br\/?p=1397"},"modified":"2026-04-29T06:01:01","modified_gmt":"2026-04-29T09:01:01","slug":"coordenador-administrativo-administracao-macae","status":"publish","type":"post","link":"https:\/\/vagas.portalemprego.com.br\/?p=1397","title":{"rendered":"Coordenador Administrativo &#8211; Administra\u00e7\u00e3o &#8211; Maca\u00e9"},"content":{"rendered":"<p>Venha\u00a0fazer\u00a0parte\u00a0da\u00a0nossa\u00a0equipe\u00a0e\u00a0transformar\u00a0o\u00a0cuidado\u00a0em\u00a0experi\u00eancia!<br \/>\nSe\u00a0voc\u00ea\u00a0\u00e9\u00a0Profissional\u00a0l\u00edder\u00a0na\u00a0\u00e1rea\u00a0da Sa\u00fade,\u00a0candidate-se\u00a0e\u00a0junte-se\u00a0\u00e0\u00a0Unimed\u00a0Costa\u00a0do\u00a0Sol.<br \/>\nEstamos em busca de um(a) Coordenador(a) Administrativo(a) para garantir o pleno funcionamento das opera\u00e7\u00f5es administrativas da \u00e1rea de terapias. Este(a) profissional ser\u00e1 respons\u00e1vel por supervisionar processos essenciais como recep\u00e7\u00e3o, agendamento de servi\u00e7os, controle de indicadores de desempenho, al\u00e9m de assegurar a organiza\u00e7\u00e3o, higiene e infraestrutura do ambiente.<br \/>\nTamb\u00e9m ter\u00e1 papel fundamental na gest\u00e3o da equipe, promovendo alinhamento entre os colaboradores, produtividade e um ambiente de trabalho colaborativo. \u00c9 essencial possuir excelente comunica\u00e7\u00e3o interpessoal para garantir um atendimento de qualidade e integra\u00e7\u00e3o eficiente entre os setores.<br \/>\nPrincipais Responsabilidades:<br \/>\nSupervisionar rotinas administrativas da \u00e1rea de terapias<br \/>\nAcompanhar e analisar indicadores de desempenho<br \/>\nGerenciar recep\u00e7\u00e3o e agendamento de servi\u00e7os<br \/>\nGarantir organiza\u00e7\u00e3o, limpeza e manuten\u00e7\u00e3o do ambiente<br \/>\nLiderar e desenvolver a equipe administrativa<br \/>\nPromover integra\u00e7\u00e3o e alinhamento entre setores<br \/>\nRequisitos:<br \/>\nEnsino superior completo ou em andamento em Administra\u00e7\u00e3o ou \u00e1reas correlatas<br \/>\nExperi\u00eancia pr\u00e9via em gest\u00e3o administrativa ou fun\u00e7\u00f5es similares<br \/>\nHabilidade em an\u00e1lise de indicadores e tomada de decis\u00e3o<br \/>\nBoa comunica\u00e7\u00e3o e lideran\u00e7a de equipe<br \/>\nOrganiza\u00e7\u00e3o e vis\u00e3o estrat\u00e9gica<br \/>\nCompet\u00eancias Comportamentais:<br \/>\nLideran\u00e7a e proatividade<br \/>\nOrganiza\u00e7\u00e3o e disciplina<br \/>\nFoco em resultados<br \/>\nBoa comunica\u00e7\u00e3o interpessoal<br \/>\nCapacidade de resolu\u00e7\u00e3o de problemas<\/p>\n<ul>\n<li>Local de trabalho: Maca\u00e9, RJ<\/li>\n<li>Regime de contrata\u00e7\u00e3o de tipo: Efetivo \u2013 CLT<\/li>\n<li>Jornada: Per\u00edodo Integral<\/li>\n<li>\u00c1rea e especializa\u00e7\u00e3o profissional: Administra\u00e7\u00e3o &#8211; Administra\u00e7\u00e3o Geral<\/li>\n<li>N\u00edvel hier\u00e1rquico: Coordenador<\/li>\n<\/ul>\n<p>Escolaridade M\u00ednima: Ensino Superior<\/p>\n<p>Forma\u00e7\u00e3o desejada:<\/p>\n<ul>\n<li>Enfermagem, Ensino Superior<\/li>\n<li>Psicologia, Ensino Superior<\/li>\n<li>Administra\u00e7\u00e3o de empresas, Ensino Superior<\/li>\n<\/ul>\n<ul>\n<li>Vale alimenta\u00e7\u00e3o ou refei\u00e7\u00e3o<\/li>\n<li>Plano de Sa\u00fade<\/li>\n<li>Vale Transporte<\/li>\n<li>Wellhub<\/li>\n<li>Day off<\/li>\n<li>Aux\u00edlio Educa\u00e7\u00e3o<\/li>\n<\/ul>\n","protected":false},"excerpt":{"rendered":"<p>Venha\u00a0fazer\u00a0parte\u00a0da\u00a0nossa\u00a0equipe\u00a0e\u00a0transformar\u00a0o\u00a0cuidado\u00a0em\u00a0experi\u00eancia! Se\u00a0voc\u00ea\u00a0\u00e9\u00a0Profissional\u00a0l\u00edder\u00a0na\u00a0\u00e1rea\u00a0da Sa\u00fade,\u00a0candidate-se\u00a0e\u00a0junte-se\u00a0\u00e0\u00a0Unimed\u00a0Costa\u00a0do\u00a0Sol. Estamos em busca de um(a) Coordenador(a) Administrativo(a) para garantir o pleno funcionamento das opera\u00e7\u00f5es administrativas da \u00e1rea de terapias. Este(a) profissional ser\u00e1 respons\u00e1vel por supervisionar processos essenciais como recep\u00e7\u00e3o, agendamento de servi\u00e7os, controle de indicadores de desempenho, al\u00e9m de assegurar a organiza\u00e7\u00e3o, higiene e infraestrutura do ambiente. Tamb\u00e9m ter\u00e1 papel fundamental na [&hellip;]<\/p>\n","protected":false},"author":1,"featured_media":0,"comment_status":"open","ping_status":"open","sticky":false,"template":"","format":"standard","meta":{"footnotes":""},"categories":[21],"tags":[],"class_list":["post-1397","post","type-post","status-publish","format-standard","hentry","category-rio-de-janeiro-rj"],"_links":{"self":[{"href":"https:\/\/vagas.portalemprego.com.br\/index.php?rest_route=\/wp\/v2\/posts\/1397","targetHints":{"allow":["GET"]}}],"collection":[{"href":"https:\/\/vagas.portalemprego.com.br\/index.php?rest_route=\/wp\/v2\/posts"}],"about":[{"href":"https:\/\/vagas.portalemprego.com.br\/index.php?rest_route=\/wp\/v2\/types\/post"}],"author":[{"embeddable":true,"href":"https:\/\/vagas.portalemprego.com.br\/index.php?rest_route=\/wp\/v2\/users\/1"}],"replies":[{"embeddable":true,"href":"https:\/\/vagas.portalemprego.com.br\/index.php?rest_route=%2Fwp%2Fv2%2Fcomments&post=1397"}],"version-history":[{"count":0,"href":"https:\/\/vagas.portalemprego.com.br\/index.php?rest_route=\/wp\/v2\/posts\/1397\/revisions"}],"wp:attachment":[{"href":"https:\/\/vagas.portalemprego.com.br\/index.php?rest_route=%2Fwp%2Fv2%2Fmedia&parent=1397"}],"wp:term":[{"taxonomy":"category","embeddable":true,"href":"https:\/\/vagas.portalemprego.com.br\/index.php?rest_route=%2Fwp%2Fv2%2Fcategories&post=1397"},{"taxonomy":"post_tag","embeddable":true,"href":"https:\/\/vagas.portalemprego.com.br\/index.php?rest_route=%2Fwp%2Fv2%2Ftags&post=1397"}],"curies":[{"name":"wp","href":"https:\/\/api.w.org\/{rel}","templated":true}]}}