{"id":1399,"date":"2026-04-29T06:01:01","date_gmt":"2026-04-29T09:01:01","guid":{"rendered":"https:\/\/vagas.portalemprego.com.br\/?p=1399"},"modified":"2026-04-29T06:01:01","modified_gmt":"2026-04-29T09:01:01","slug":"auxiliar-administrativo-de-expedicao-administracao-duque-de-caxias","status":"publish","type":"post","link":"https:\/\/vagas.portalemprego.com.br\/?p=1399","title":{"rendered":"Auxiliar Administrativo de Expedi\u00e7\u00e3o &#8211; Administra\u00e7\u00e3o &#8211; Duque de Caxias"},"content":{"rendered":"<p>Nossa Cliente \u00e9 a\u00a0EssilorLuxottica\u00a0\u00e9 l\u00edder global no design, fabrica\u00e7\u00e3o e distribui\u00e7\u00e3o de lentes oft\u00e1lmicas, arma\u00e7\u00f5es e \u00f3culos de sol. Formada em 2018 pela fus\u00e3o das gigantes\u00a0Essilor\u00a0(Fran\u00e7a) e\u00a0Luxottica\u00a0(It\u00e1lia), a empresa une mais de dois s\u00e9culos de inova\u00e7\u00e3o, tecnologia e paix\u00e3o pelo cuidado com a vis\u00e3o.<br \/>\nA EssilorLuxottica \u00e9 o lar das marcas mais amadas do mundo, como\u00a0Ray-Ban, Oakley, Vogue Eyewear, Persol, al\u00e9m de marcas licenciadas de prest\u00edgio como\u00a0Prada, Chanel, Armani, Burberry e Michael Kors.<br \/>\nPor que trabalhar na EssilorLuxottica?<br \/>\n?\u00a0Inova\u00e7\u00e3o que transforma<br \/>\nSomos pioneiros em tecnologias \u00f3pticas e digitais, como as lentes\u00a0Varilux, Crizal, Stellest e Transitions. Aqui, voc\u00ea ter\u00e1 a chance de participar de projetos que moldam o futuro da ind\u00fastria e impactam milh\u00f5es de vidas<br \/>\n??\u00a0Diversidade e inclus\u00e3o<br \/>\nValorizamos a autenticidade e promovemos um ambiente de trabalho inclusivo, onde cada pessoa pode ser quem \u00e9. Nossa cultura \u00e9 constru\u00edda sobre respeito, colabora\u00e7\u00e3o e crescimento conjunto.<br \/>\n??\u00a0Desenvolvimento cont\u00ednuo<br \/>\nNa EssilorLuxottica, voc\u00ea desenha sua pr\u00f3pria trajet\u00f3ria. Oferecemos oportunidades reais de crescimento, capacita\u00e7\u00e3o e mobilidade internacional. Seja qual for sua \u00e1rea, h\u00e1 espa\u00e7o para voc\u00ea evoluir conosco.<br \/>\nDescri\u00e7\u00e3o do cargo:<br \/>\nRealizar lan\u00e7amentos e confer\u00eancias de dados relacionados \u00e0 expedi\u00e7\u00e3o de pedidos em sistema.<br \/>\nEmitir, conferir e organizar documentos de expedi\u00e7\u00e3o, como notas fiscais, romaneios, etiquetas e comprovantes de envio.<br \/>\nApoiar o time operacional da expedi\u00e7\u00e3o nas rotinas administrativas do dia a dia.<br \/>\nCumprir os procedimentos internos, normas de qualidade, seguran\u00e7a e boas pr\u00e1ticas da empresa.<br \/>\nRequisitos:<br \/>\nEnsino m\u00e9dio completo.<br \/>\nConhecimento pacote office (intermedi\u00e1rio).<br \/>\nAten\u00e7\u00e3o aos detalhes, pro atividade e capacidade de trabalho em equipe.<br \/>\nA EssilorLuxottica valoriza e apoia a diversidade, por esse motivo, todas as nossas vagas s\u00e3o abertas para candidaturas de profissionais PcDs.<\/p>\n<p>Hor\u00e1rio:<br \/>\nTurno Tarde: 14h \u00e0s 22:15h &#8211; segunda a sexta &#8211; s\u00e1bado 12h \u00e0s 18:15h<\/p>\n<p>Benef\u00edcios:<br \/>\nSeguro de Vida e Aux\u00edlio Funeral: conforme contrato com a seguradora.<br \/>\nPlano Sa\u00fade Sul Am\u00e9rica Com coparticipa\u00e7\u00e3o (Sem desconto de mensalidade para o titular).<br \/>\nPlano Dental Sul Am\u00e9ria: Sem desconto de mensalidade para titular e dependentes.<br \/>\nVA ou VR: R$25,80\/\u2013 Dia trabalhado.<br \/>\nConte Comigo: Apoio financeiro, jur\u00eddico, psicol\u00f3gico e social. Opcional colaborador.<\/p>\n<p>Outros:<br \/>\nDay off no m\u00eas do anivers\u00e1rio<br \/>\nAux\u00edlio creche<br \/>\nDesconto em lojas pr\u00f3prias<br \/>\nPPR<br \/>\nWellhub (Gympass)<\/p>\n<p>A EssilorLuxottica valoriza e apoia a diversidade, por esse motivo, todas as nossas vagas s\u00e3o abertas para candidaturas de profissionais PcDs.????<\/p>\n<ul>\n<li>Local de trabalho: Duque de Caxias, RJ<\/li>\n<li>Regime de contrata\u00e7\u00e3o de tipo: Efetivo \u2013 CLT<\/li>\n<li>Jornada: Parcial tardes<\/li>\n<li>\u00c1rea e especializa\u00e7\u00e3o profissional: Administra\u00e7\u00e3o &#8211; Administra\u00e7\u00e3o Geral<\/li>\n<li>N\u00edvel hier\u00e1rquico: Auxiliar<\/li>\n<\/ul>\n<p>Escolaridade M\u00ednima: Ensino M\u00e9dio (2\u00ba Grau)<\/p>\n<p>Sal\u00e1rio: 1716,0<\/p>\n","protected":false},"excerpt":{"rendered":"<p>Nossa Cliente \u00e9 a\u00a0EssilorLuxottica\u00a0\u00e9 l\u00edder global no design, fabrica\u00e7\u00e3o e distribui\u00e7\u00e3o de lentes oft\u00e1lmicas, arma\u00e7\u00f5es e \u00f3culos de sol. Formada em 2018 pela fus\u00e3o das gigantes\u00a0Essilor\u00a0(Fran\u00e7a) e\u00a0Luxottica\u00a0(It\u00e1lia), a empresa une mais de dois s\u00e9culos de inova\u00e7\u00e3o, tecnologia e paix\u00e3o pelo cuidado com a vis\u00e3o. A EssilorLuxottica \u00e9 o lar das marcas mais amadas do mundo, [&hellip;]<\/p>\n","protected":false},"author":1,"featured_media":0,"comment_status":"open","ping_status":"open","sticky":false,"template":"","format":"standard","meta":{"footnotes":""},"categories":[21],"tags":[],"class_list":["post-1399","post","type-post","status-publish","format-standard","hentry","category-rio-de-janeiro-rj"],"_links":{"self":[{"href":"https:\/\/vagas.portalemprego.com.br\/index.php?rest_route=\/wp\/v2\/posts\/1399","targetHints":{"allow":["GET"]}}],"collection":[{"href":"https:\/\/vagas.portalemprego.com.br\/index.php?rest_route=\/wp\/v2\/posts"}],"about":[{"href":"https:\/\/vagas.portalemprego.com.br\/index.php?rest_route=\/wp\/v2\/types\/post"}],"author":[{"embeddable":true,"href":"https:\/\/vagas.portalemprego.com.br\/index.php?rest_route=\/wp\/v2\/users\/1"}],"replies":[{"embeddable":true,"href":"https:\/\/vagas.portalemprego.com.br\/index.php?rest_route=%2Fwp%2Fv2%2Fcomments&post=1399"}],"version-history":[{"count":0,"href":"https:\/\/vagas.portalemprego.com.br\/index.php?rest_route=\/wp\/v2\/posts\/1399\/revisions"}],"wp:attachment":[{"href":"https:\/\/vagas.portalemprego.com.br\/index.php?rest_route=%2Fwp%2Fv2%2Fmedia&parent=1399"}],"wp:term":[{"taxonomy":"category","embeddable":true,"href":"https:\/\/vagas.portalemprego.com.br\/index.php?rest_route=%2Fwp%2Fv2%2Fcategories&post=1399"},{"taxonomy":"post_tag","embeddable":true,"href":"https:\/\/vagas.portalemprego.com.br\/index.php?rest_route=%2Fwp%2Fv2%2Ftags&post=1399"}],"curies":[{"name":"wp","href":"https:\/\/api.w.org\/{rel}","templated":true}]}}