{"id":1400,"date":"2026-04-29T06:01:01","date_gmt":"2026-04-29T09:01:01","guid":{"rendered":"https:\/\/vagas.portalemprego.com.br\/?p=1400"},"modified":"2026-04-29T06:01:01","modified_gmt":"2026-04-29T09:01:01","slug":"auxiliar-de-servicos-gerais-intermitente-servicos-gerais-rio-de-janeiro","status":"publish","type":"post","link":"https:\/\/vagas.portalemprego.com.br\/?p=1400","title":{"rendered":"AUXILIAR DE SERVI\u00c7OS GERAIS &#8211; INTERMITENTE &#8211; Servi\u00e7os Gerais &#8211; Rio de Janeiro"},"content":{"rendered":"<p>Oportunidade: Estamos em busca de um Auxiliar de Servi\u00e7os Gerais &#8211; Intermitente para trabalhar em nossa sede, localizada na cidade. Se voc\u00ea busca uma oportunidade para desenvolver suas habilidades em um ambiente din\u00e2mico, esta \u00e9 a chance ideal.<br \/>\nPAGAMENTO FEITO SEMANALMENTE. QUANTO MAIS TRABALHA MAIS GANHA<br \/>\nVALOR DA HORA 10,08 + VT + VR25<br \/>\nFun\u00e7\u00f5es:<br \/>\nRealizar limpeza e organiza\u00e7\u00e3o do espa\u00e7o de trabalho<br \/>\nAuxiliar na manuten\u00e7\u00e3o de equipamentos e utens\u00edlios<br \/>\nColaborar com outras equipes em atividades de suporte<br \/>\nParticipar de eventos e reuni\u00f5es quando necess\u00e1rio<\/p>\n<p>Requisitos:<br \/>\nExperi\u00eancia em servi\u00e7os gerais<br \/>\nConhecimento em limpeza e organiza\u00e7\u00e3o<br \/>\nCapacidade de trabalhar em equipe<br \/>\nAtitude proativa e aten\u00e7\u00e3o aos detalhes<\/p>\n<p>Benef\u00edcios:<br \/>\nHor\u00e1rio flex\u00edvel de acordo com a demanda<br \/>\nAmbiente de trabalho acolhedor e colaborativo<br \/>\nOportunidade de crescimento profissional<br \/>\nVR 25,00 O DIA<\/p>\n<p>Junte-se \u00e0 nossa equipe e contribua para um ambiente de trabalho mais eficiente e agrad\u00e1vel.<\/p>\n<ul>\n<li>N\u00famero de vagas: 20<\/li>\n<li>Local de trabalho: Rio de Janeiro, RJ<\/li>\n<li>Regime de contrata\u00e7\u00e3o de tipo: Efetivo \u2013 CLT<\/li>\n<li>Jornada: Per\u00edodo Integral<\/li>\n<li>\u00c1rea e especializa\u00e7\u00e3o profissional: Servi\u00e7os Gerais &#8211; Limpeza<\/li>\n<li>N\u00edvel hier\u00e1rquico: Operacional<\/li>\n<\/ul>\n<p>Escolaridade M\u00ednima: Ensino Fundamental (1\u00ba grau)<\/p>\n","protected":false},"excerpt":{"rendered":"<p>Oportunidade: Estamos em busca de um Auxiliar de Servi\u00e7os Gerais &#8211; Intermitente para trabalhar em nossa sede, localizada na cidade. Se voc\u00ea busca uma oportunidade para desenvolver suas habilidades em um ambiente din\u00e2mico, esta \u00e9 a chance ideal. PAGAMENTO FEITO SEMANALMENTE. QUANTO MAIS TRABALHA MAIS GANHA VALOR DA HORA 10,08 + VT + VR25 Fun\u00e7\u00f5es: [&hellip;]<\/p>\n","protected":false},"author":1,"featured_media":0,"comment_status":"open","ping_status":"open","sticky":false,"template":"","format":"standard","meta":{"footnotes":""},"categories":[21],"tags":[],"class_list":["post-1400","post","type-post","status-publish","format-standard","hentry","category-rio-de-janeiro-rj"],"_links":{"self":[{"href":"https:\/\/vagas.portalemprego.com.br\/index.php?rest_route=\/wp\/v2\/posts\/1400","targetHints":{"allow":["GET"]}}],"collection":[{"href":"https:\/\/vagas.portalemprego.com.br\/index.php?rest_route=\/wp\/v2\/posts"}],"about":[{"href":"https:\/\/vagas.portalemprego.com.br\/index.php?rest_route=\/wp\/v2\/types\/post"}],"author":[{"embeddable":true,"href":"https:\/\/vagas.portalemprego.com.br\/index.php?rest_route=\/wp\/v2\/users\/1"}],"replies":[{"embeddable":true,"href":"https:\/\/vagas.portalemprego.com.br\/index.php?rest_route=%2Fwp%2Fv2%2Fcomments&post=1400"}],"version-history":[{"count":0,"href":"https:\/\/vagas.portalemprego.com.br\/index.php?rest_route=\/wp\/v2\/posts\/1400\/revisions"}],"wp:attachment":[{"href":"https:\/\/vagas.portalemprego.com.br\/index.php?rest_route=%2Fwp%2Fv2%2Fmedia&parent=1400"}],"wp:term":[{"taxonomy":"category","embeddable":true,"href":"https:\/\/vagas.portalemprego.com.br\/index.php?rest_route=%2Fwp%2Fv2%2Fcategories&post=1400"},{"taxonomy":"post_tag","embeddable":true,"href":"https:\/\/vagas.portalemprego.com.br\/index.php?rest_route=%2Fwp%2Fv2%2Ftags&post=1400"}],"curies":[{"name":"wp","href":"https:\/\/api.w.org\/{rel}","templated":true}]}}