{"id":1402,"date":"2026-04-29T06:01:01","date_gmt":"2026-04-29T09:01:01","guid":{"rendered":"https:\/\/vagas.portalemprego.com.br\/?p=1402"},"modified":"2026-04-29T06:01:01","modified_gmt":"2026-04-29T09:01:01","slug":"auxiliar-de-servicos-gerais-zona-sul-servicos-gerais-rio-de-janeiro","status":"publish","type":"post","link":"https:\/\/vagas.portalemprego.com.br\/?p=1402","title":{"rendered":"AUXILIAR DE SERVI\u00c7OS GERAIS &#8211; ZONA SUL &#8211; Servi\u00e7os Gerais &#8211; Rio de Janeiro"},"content":{"rendered":"<p>Introdu\u00e7\u00e3o: Estamos em busca de um Auxiliar de Servi\u00e7os Gerais para trabalhar na Zona Sul. O cargo oferece uma oportunidade para quem busca um ambiente de trabalho din\u00e2mico e colaborativo.<br \/>\nFun\u00e7\u00f5es:<br \/>\nRealizar limpeza e organiza\u00e7\u00e3o de espa\u00e7os comuns;<br \/>\nAuxiliar na manuten\u00e7\u00e3o de equipamentos e utens\u00edlios;<br \/>\nColaborar com outras equipes em atividades de suporte;<br \/>\nAcompanhar procedimentos de higiene e seguran\u00e7a.<\/p>\n<p>Requisitos:<br \/>\nExperi\u00eancia em servi\u00e7os gerais;<br \/>\nConhecimentos b\u00e1sicos em limpeza e organiza\u00e7\u00e3o;<br \/>\nCapacidade de trabalhar em equipe;<br \/>\nAtitude proativa e \u00e9tica de trabalho.<\/p>\n<p>Benef\u00edcios:<br \/>\nOferecemos um sal\u00e1rio competitivo;<br \/>\nVoc\u00ea ter\u00e1 acesso a um ambiente de trabalho seguro e acolhedor;<br \/>\nOportunidade de desenvolvimento profissional.<\/p>\n<p>Este cargo \u00e9 presencial e localizado na Zona Sul. Junte-se \u00e0 nossa equipe e contribua para um ambiente de trabalho eficiente e colaborativo.<\/p>\n<ul>\n<li>N\u00famero de vagas: 30<\/li>\n<li>Local de trabalho: Rio de Janeiro, RJ<\/li>\n<li>Regime de contrata\u00e7\u00e3o de tipo: Efetivo \u2013 CLT<\/li>\n<li>Jornada: Per\u00edodo Integral<\/li>\n<li>\u00c1rea e especializa\u00e7\u00e3o profissional: Servi\u00e7os Gerais &#8211; Limpeza<\/li>\n<li>N\u00edvel hier\u00e1rquico: Operacional<\/li>\n<\/ul>\n<p>VALORIZADO<\/p>\n<p>Tempo de experi\u00eancia: Menos de 1 ano<\/p>\n<p>Escolaridade M\u00ednima: Ensino Fundamental (1\u00ba grau)<\/p>\n<p>Sal\u00e1rio: 1730,75<\/p>\n","protected":false},"excerpt":{"rendered":"<p>Introdu\u00e7\u00e3o: Estamos em busca de um Auxiliar de Servi\u00e7os Gerais para trabalhar na Zona Sul. O cargo oferece uma oportunidade para quem busca um ambiente de trabalho din\u00e2mico e colaborativo. Fun\u00e7\u00f5es: Realizar limpeza e organiza\u00e7\u00e3o de espa\u00e7os comuns; Auxiliar na manuten\u00e7\u00e3o de equipamentos e utens\u00edlios; Colaborar com outras equipes em atividades de suporte; Acompanhar procedimentos [&hellip;]<\/p>\n","protected":false},"author":1,"featured_media":0,"comment_status":"open","ping_status":"open","sticky":false,"template":"","format":"standard","meta":{"footnotes":""},"categories":[21],"tags":[],"class_list":["post-1402","post","type-post","status-publish","format-standard","hentry","category-rio-de-janeiro-rj"],"_links":{"self":[{"href":"https:\/\/vagas.portalemprego.com.br\/index.php?rest_route=\/wp\/v2\/posts\/1402","targetHints":{"allow":["GET"]}}],"collection":[{"href":"https:\/\/vagas.portalemprego.com.br\/index.php?rest_route=\/wp\/v2\/posts"}],"about":[{"href":"https:\/\/vagas.portalemprego.com.br\/index.php?rest_route=\/wp\/v2\/types\/post"}],"author":[{"embeddable":true,"href":"https:\/\/vagas.portalemprego.com.br\/index.php?rest_route=\/wp\/v2\/users\/1"}],"replies":[{"embeddable":true,"href":"https:\/\/vagas.portalemprego.com.br\/index.php?rest_route=%2Fwp%2Fv2%2Fcomments&post=1402"}],"version-history":[{"count":0,"href":"https:\/\/vagas.portalemprego.com.br\/index.php?rest_route=\/wp\/v2\/posts\/1402\/revisions"}],"wp:attachment":[{"href":"https:\/\/vagas.portalemprego.com.br\/index.php?rest_route=%2Fwp%2Fv2%2Fmedia&parent=1402"}],"wp:term":[{"taxonomy":"category","embeddable":true,"href":"https:\/\/vagas.portalemprego.com.br\/index.php?rest_route=%2Fwp%2Fv2%2Fcategories&post=1402"},{"taxonomy":"post_tag","embeddable":true,"href":"https:\/\/vagas.portalemprego.com.br\/index.php?rest_route=%2Fwp%2Fv2%2Ftags&post=1402"}],"curies":[{"name":"wp","href":"https:\/\/api.w.org\/{rel}","templated":true}]}}