{"id":1406,"date":"2026-04-29T06:01:01","date_gmt":"2026-04-29T09:01:01","guid":{"rendered":"https:\/\/vagas.portalemprego.com.br\/?p=1406"},"modified":"2026-04-29T06:01:01","modified_gmt":"2026-04-29T09:01:01","slug":"estagiario-administracao-macae","status":"publish","type":"post","link":"https:\/\/vagas.portalemprego.com.br\/?p=1406","title":{"rendered":"Estagi\u00e1rio &#8211; Administra\u00e7\u00e3o &#8211; Maca\u00e9"},"content":{"rendered":"<p>Programa de Est\u00e1gio 2026<br \/>\nComece sua carreira do jeito certo!<br \/>\nQuer colocar a teoria em pr\u00e1tica, aprender na rotina real do mercado e crescer profissionalmente? Ent\u00e3o essa oportunidade \u00e9 pra voc\u00ea!<br \/>\nBuscamos estudantes curiosos, com vontade de aprender e que gostem de desafios, para atuar em um ambiente\u00a0din\u00e2mico, colaborativo e com grandes oportunidades de desenvolvimento.<br \/>\nResponsabilidades e atribui\u00e7\u00f5es<br \/>\nApoiar as atividades do dia a dia das \u00e1reas t\u00e9cnicas ou administrativas;<br \/>\nParticipar de projetos e iniciativas de melhoria de processos;<br \/>\nAprender na pr\u00e1tica com equipes experientes;<br \/>\nDesenvolver habilidades t\u00e9cnicas e comportamentais relevantes para o mercado.<br \/>\nRequisitos e qualifica\u00e7\u00f5es<br \/>\nEstar cursando\u00a0Ensino Superior;<br \/>\nConhecimento intermedi\u00e1rio em Pacote Office;<br \/>\nProatividade, vontade de aprender e se desenvolver.<br \/>\nCursos eleg\u00edveis:<br \/>\nAdministra\u00e7\u00e3o e \u00e1reas afins;<br \/>\nEngenharias;<br \/>\nCi\u00eancias Cont\u00e1beis.<\/p>\n<p>Local de atua\u00e7\u00e3o<br \/>\nMaca\u00e9 &#8211; RJ<br \/>\nBenef\u00edcios<br \/>\nBolsa-aux\u00edlio compat\u00edvel com o mercado;<br \/>\nPlano de Sa\u00fade;<br \/>\nVale-Refei\u00e7\u00e3o ou alimenta\u00e7\u00e3o no local (de acordo com a unidade);<br \/>\nVale-Transporte;<br \/>\nSeguro de Vida;<br \/>\nAmbiente colaborativo, com espa\u00e7o para aprender, errar e evoluir<\/p>\n<ul>\n<li>Local de trabalho: Maca\u00e9, RJ<\/li>\n<li>Regime de contrata\u00e7\u00e3o de tipo: Est\u00e1gio<\/li>\n<li>Jornada: Per\u00edodo Integral<\/li>\n<li>\u00c1rea e especializa\u00e7\u00e3o profissional: Administra\u00e7\u00e3o &#8211; Administra\u00e7\u00e3o Geral<\/li>\n<li>N\u00edvel hier\u00e1rquico: Estagi\u00e1rio<\/li>\n<\/ul>\n<p>Escolaridade M\u00ednima: Ensino Superior<\/p>\n<ul>\n<li>Vale-transporte<\/li>\n<li>Vale-refei\u00e7\u00e3o<\/li>\n<li>Seguro de Vida<\/li>\n<li>Bolsa Aux\u00edlio<\/li>\n<\/ul>\n","protected":false},"excerpt":{"rendered":"<p>Programa de Est\u00e1gio 2026 Comece sua carreira do jeito certo! Quer colocar a teoria em pr\u00e1tica, aprender na rotina real do mercado e crescer profissionalmente? Ent\u00e3o essa oportunidade \u00e9 pra voc\u00ea! Buscamos estudantes curiosos, com vontade de aprender e que gostem de desafios, para atuar em um ambiente\u00a0din\u00e2mico, colaborativo e com grandes oportunidades de desenvolvimento. [&hellip;]<\/p>\n","protected":false},"author":1,"featured_media":0,"comment_status":"open","ping_status":"open","sticky":false,"template":"","format":"standard","meta":{"footnotes":""},"categories":[21],"tags":[],"class_list":["post-1406","post","type-post","status-publish","format-standard","hentry","category-rio-de-janeiro-rj"],"_links":{"self":[{"href":"https:\/\/vagas.portalemprego.com.br\/index.php?rest_route=\/wp\/v2\/posts\/1406","targetHints":{"allow":["GET"]}}],"collection":[{"href":"https:\/\/vagas.portalemprego.com.br\/index.php?rest_route=\/wp\/v2\/posts"}],"about":[{"href":"https:\/\/vagas.portalemprego.com.br\/index.php?rest_route=\/wp\/v2\/types\/post"}],"author":[{"embeddable":true,"href":"https:\/\/vagas.portalemprego.com.br\/index.php?rest_route=\/wp\/v2\/users\/1"}],"replies":[{"embeddable":true,"href":"https:\/\/vagas.portalemprego.com.br\/index.php?rest_route=%2Fwp%2Fv2%2Fcomments&post=1406"}],"version-history":[{"count":0,"href":"https:\/\/vagas.portalemprego.com.br\/index.php?rest_route=\/wp\/v2\/posts\/1406\/revisions"}],"wp:attachment":[{"href":"https:\/\/vagas.portalemprego.com.br\/index.php?rest_route=%2Fwp%2Fv2%2Fmedia&parent=1406"}],"wp:term":[{"taxonomy":"category","embeddable":true,"href":"https:\/\/vagas.portalemprego.com.br\/index.php?rest_route=%2Fwp%2Fv2%2Fcategories&post=1406"},{"taxonomy":"post_tag","embeddable":true,"href":"https:\/\/vagas.portalemprego.com.br\/index.php?rest_route=%2Fwp%2Fv2%2Ftags&post=1406"}],"curies":[{"name":"wp","href":"https:\/\/api.w.org\/{rel}","templated":true}]}}