{"id":1408,"date":"2026-04-29T06:01:01","date_gmt":"2026-04-29T09:01:01","guid":{"rendered":"https:\/\/vagas.portalemprego.com.br\/?p=1408"},"modified":"2026-04-29T06:01:01","modified_gmt":"2026-04-29T09:01:01","slug":"diretor-escolar-educacao-ensino-idiomas-niteroi","status":"publish","type":"post","link":"https:\/\/vagas.portalemprego.com.br\/?p=1408","title":{"rendered":"Diretor Escolar &#8211; Educa\u00e7\u00e3o, Ensino, Idiomas &#8211; Niter\u00f3i"},"content":{"rendered":"<p>Estamos em constante crescimento e buscamos um Diretor de Escola Privada com habilidades excepcionais para liderar nossa equipe e fortalecer nossa oferta educacional.<\/p>\n<p>Responsabilidades principais:<br \/>\n\u2022 Liderar a equipe pedag\u00f3gica, promovendo a sinergia e o engajamento dos colaboradores.<br \/>\n\u2022 Realizar a gest\u00e3o administrativa do col\u00e9gio e dos recursos humanos e materiais;<br \/>\n\u2022 Desenvolver e implementar estrat\u00e9gias para aprimorar a forma\u00e7\u00e3o dos nossos professores, visando sempre a excel\u00eancia educacional.<br \/>\n\u2022 Promover o relacionamento interpessoal entre docentes, alunos, pais e equipe administrativa, buscando sempre a harmonia e um ambiente prop\u00edcio ao aprendizado.<br \/>\n\u2022 Ter uma vis\u00e3o sist\u00eamica do processo educacional, identificando oportunidades de melhoria e agindo proativamente para sua implanta\u00e7\u00e3o.<br \/>\n\u2022 Buscar constantemente formas inovadoras e pr\u00e1ticas de ensino, estimulando o aprendizado significativo e o desenvolvimento de habilidades dos alunos.<\/p>\n<p>O profissional ser\u00e1 respons\u00e1vel por assegurar a qualidade do ensino, aprimorar processos pedag\u00f3gicos internos em conson\u00e2ncia a Mantenedora e Coordena\u00e7\u00e3o Geral, garantir a satisfa\u00e7\u00e3o das fam\u00edlias e contribuir para o crescimento sustent\u00e1vel da institui\u00e7\u00e3o, tanto em n\u00famero de alunos quanto em reputa\u00e7\u00e3o.<\/p>\n<p>Responsabilidades:<br \/>\nDesenvolver e implementar a vis\u00e3o pedag\u00f3gica do col\u00e9gio, alinhada aos valores e ao projeto educativo da institui\u00e7\u00e3o.<br \/>\nEstruturar e aperfei\u00e7oar processos pedag\u00f3gicos, curr\u00edculos, metodologias e avalia\u00e7\u00f5es, visando a excel\u00eancia acad\u00eamica.<br \/>\nGerenciar e orientar a equipe docente, promovendo a forma\u00e7\u00e3o continuada, incentivando a inova\u00e7\u00e3o did\u00e1tica e fortalecendo a cultura de melhoria cont\u00ednua.<br \/>\nMonitorar indicadores de desempenho acad\u00eamico, satisfa\u00e7\u00e3o de fam\u00edlias e evolu\u00e7\u00e3o da base de alunos, criando planos de a\u00e7\u00e3o para melhorias.<br \/>\nAtuar de forma pr\u00f3xima \u00e0s fam\u00edlias, mantendo canais de comunica\u00e7\u00e3o transparentes, acolhedores e eficazes, garantindo alto n\u00edvel de satisfa\u00e7\u00e3o e engajamento.<br \/>\nContribuir ativamente para a capta\u00e7\u00e3o e reten\u00e7\u00e3o de alunos, trabalhando em conjunto com as \u00e1reas de<br \/>\nmarketing e comercial, visando o fortalecimento da marca e o aumento da demanda.<br \/>\nEstabelecer parcerias e relacionamentos com fornecedores, \u00f3rg\u00e3os regulamentadores e outras institui\u00e7\u00f5es, mantendo o col\u00e9gio alinhado \u00e0s melhores pr\u00e1ticas e tend\u00eancias educacionais.<\/p>\n<p>Requisitos:<br \/>\n\u2022 Gradua\u00e7\u00e3o em Pedagogia, Psicopedagogia ou \u00e1rea relacionada.<br \/>\nDesej\u00e1vel P\u00f3s Gradua\u00e7\u00e3o em Gest\u00e3o Educacional<br \/>\n\u2022 Experi\u00eancia comprovada na \u00e1rea educacional, preferencialmente em cargos de gest\u00e3o.<br \/>\n\u2022 Fortes habilidades de lideran\u00e7a, com capacidade de motivar e engajar equipes.<br \/>\n\u2022 Conhecimento em metodologias educacionais modernas e pr\u00e1ticas inovadoras de ensino.<br \/>\n\u2022 Excelentes habilidades de relacionamento interpessoal, com facilidade para secomunicar e se adaptar a diferentes grupos.<br \/>\n\u2022 Orienta\u00e7\u00e3o a resultados e indicadores.<br \/>\n\u2022 Orienta\u00e7\u00e3o a resultados, em especial no que tange \u00e0 rematr\u00edcula.<\/p>\n<p>Oferecemos:<br \/>\n\u2022 Remunera\u00e7\u00e3o, compat\u00edvel com o mercado.<br \/>\n\u2022 Possibilidade de contribuir para a transforma\u00e7\u00e3o da educa\u00e7\u00e3o e o<br \/>\ndesenvolvimento de novas abordagens pedag\u00f3gicas.<\/p>\n<p>Se voc\u00ea \u00e9 um profissional apaixonado pela educa\u00e7\u00e3o, com habilidades excepcionais de lideran\u00e7a e busca uma oportunidade desafiadora para contribuir com o crescimento de uma empresa inovadora, envie seu curr\u00edculo. Estamos ansiosos para conhecer voc\u00ea e discutir como podemos impulsionar a qualidade da educa\u00e7\u00e3o juntos.<\/p>\n<ul>\n<li>Local de trabalho: Niter\u00f3i, RJ<\/li>\n<li>Regime de contrata\u00e7\u00e3o de tipo: Efetivo \u2013 CLT<\/li>\n<li>Jornada: Per\u00edodo Integral<\/li>\n<li>\u00c1rea e especializa\u00e7\u00e3o profissional: Educa\u00e7\u00e3o, Ensino, Idiomas &#8211; Administra\u00e7\u00e3o Escolar, Pedagogia<\/li>\n<li>N\u00edvel hier\u00e1rquico: Diretor<\/li>\n<\/ul>\n<p>VALORIZADO<\/p>\n<p>Tempo de experi\u00eancia: Entre 3 e 5 anos<\/p>\n<p>Escolaridade M\u00ednima: P\u00f3s-gradua\u00e7\u00e3o &#8211; Especializa\u00e7\u00e3o\/MBA<\/p>\n","protected":false},"excerpt":{"rendered":"<p>Estamos em constante crescimento e buscamos um Diretor de Escola Privada com habilidades excepcionais para liderar nossa equipe e fortalecer nossa oferta educacional. Responsabilidades principais: \u2022 Liderar a equipe pedag\u00f3gica, promovendo a sinergia e o engajamento dos colaboradores. \u2022 Realizar a gest\u00e3o administrativa do col\u00e9gio e dos recursos humanos e materiais; \u2022 Desenvolver e implementar [&hellip;]<\/p>\n","protected":false},"author":1,"featured_media":0,"comment_status":"open","ping_status":"open","sticky":false,"template":"","format":"standard","meta":{"footnotes":""},"categories":[21],"tags":[],"class_list":["post-1408","post","type-post","status-publish","format-standard","hentry","category-rio-de-janeiro-rj"],"_links":{"self":[{"href":"https:\/\/vagas.portalemprego.com.br\/index.php?rest_route=\/wp\/v2\/posts\/1408","targetHints":{"allow":["GET"]}}],"collection":[{"href":"https:\/\/vagas.portalemprego.com.br\/index.php?rest_route=\/wp\/v2\/posts"}],"about":[{"href":"https:\/\/vagas.portalemprego.com.br\/index.php?rest_route=\/wp\/v2\/types\/post"}],"author":[{"embeddable":true,"href":"https:\/\/vagas.portalemprego.com.br\/index.php?rest_route=\/wp\/v2\/users\/1"}],"replies":[{"embeddable":true,"href":"https:\/\/vagas.portalemprego.com.br\/index.php?rest_route=%2Fwp%2Fv2%2Fcomments&post=1408"}],"version-history":[{"count":0,"href":"https:\/\/vagas.portalemprego.com.br\/index.php?rest_route=\/wp\/v2\/posts\/1408\/revisions"}],"wp:attachment":[{"href":"https:\/\/vagas.portalemprego.com.br\/index.php?rest_route=%2Fwp%2Fv2%2Fmedia&parent=1408"}],"wp:term":[{"taxonomy":"category","embeddable":true,"href":"https:\/\/vagas.portalemprego.com.br\/index.php?rest_route=%2Fwp%2Fv2%2Fcategories&post=1408"},{"taxonomy":"post_tag","embeddable":true,"href":"https:\/\/vagas.portalemprego.com.br\/index.php?rest_route=%2Fwp%2Fv2%2Ftags&post=1408"}],"curies":[{"name":"wp","href":"https:\/\/api.w.org\/{rel}","templated":true}]}}