{"id":1409,"date":"2026-04-29T06:01:01","date_gmt":"2026-04-29T09:01:01","guid":{"rendered":"https:\/\/vagas.portalemprego.com.br\/?p=1409"},"modified":"2026-04-29T06:01:01","modified_gmt":"2026-04-29T09:01:01","slug":"videomaker-marketing-rio-de-janeiro","status":"publish","type":"post","link":"https:\/\/vagas.portalemprego.com.br\/?p=1409","title":{"rendered":"VIDEOMAKER &#8211; Marketing &#8211; Rio de Janeiro"},"content":{"rendered":"<p>HOR\u00c1RIO DE TRABALHO<br \/>\nSegunda a sexta \u2013 das 10h \u00e0s 19h<br \/>\nS\u00e1bados \u2013 das 8h \u00e0s 12h<br \/>\nFORMA\u00c7\u00c3O<br \/>\nGradua\u00e7\u00e3o em Comunica\u00e7\u00e3o Social, Cinema, Publicidade e Propaganda, Operador de c\u00e2mera ou \u00e1reas afins<br \/>\nCursos t\u00e9cnicos ou especializa\u00e7\u00f5es em produ\u00e7\u00e3o audiovisual, edi\u00e7\u00e3o de v\u00eddeos e design de m\u00eddia s\u00e3o diferenciais<br \/>\nREQUISITOS DO CARGO<br \/>\nExperi\u00eancia comprovada em produ\u00e7\u00e3o e edi\u00e7\u00e3o de v\u00eddeos<br \/>\nDom\u00ednio de softwares de edi\u00e7\u00e3o como Adobe Premiere, After Effects, Final Cut Pro<br \/>\nConhecimento em ferramentas de design gr\u00e1fico como Photoshop e Illustrator<br \/>\nConhecimento em capta\u00e7\u00e3o de \u00e1udio e v\u00eddeo, ilumina\u00e7\u00e3o e fotografia<br \/>\nCriatividade, senso est\u00e9tico e habilidade para contar hist\u00f3rias visuais<br \/>\nCapacidade de trabalhar em equipe, cumprir prazos e gerenciar m\u00faltiplos projetos simultaneamente<br \/>\nFamiliaridade com marketing digital e plataformas de m\u00eddia social<br \/>\nREQUISITOS DA FUN\u00c7\u00c3O<br \/>\nProdu\u00e7\u00e3o de Conte\u00fado Promocional:<br \/>\nV\u00eddeos institucionais sobre a hist\u00f3ria e infraestrutura da faculdade<br \/>\nCampanhas publicit\u00e1rias e de matr\u00edculas<br \/>\nDepoimentos de alunos, ex-alunos e professores<br \/>\nDivulga\u00e7\u00e3o de Cursos e Eventos:<br \/>\nLan\u00e7amento de novos cursos e campanhas de ingresso<br \/>\nPromo\u00e7\u00e3o de eventos acad\u00eamicos e institucionais<br \/>\nCobertura de Eventos:<br \/>\nRegistro de palestras, workshops e cerim\u00f4nias<br \/>\nProdu\u00e7\u00e3o de v\u00eddeos-resumo e destaques p\u00f3s-evento<br \/>\nComunica\u00e7\u00e3o Interna:<br \/>\nMensagens institucionais e comunicados oficiais<br \/>\nTutoriais e v\u00eddeos educativos para estudantes e colaboradores<br \/>\nFortalecimento da Marca:<br \/>\nCria\u00e7\u00e3o de v\u00eddeos que reforcem a identidade e valores institucionais<br \/>\nMem\u00f3rias e comemora\u00e7\u00f5es de conquistas e eventos especiais<br \/>\nParcerias e Capta\u00e7\u00e3o de Recursos:<br \/>\nApresenta\u00e7\u00e3o de projetos para empresas e institui\u00e7\u00f5es<br \/>\nATRIBUI\u00c7\u00d5ES<br \/>\nPlanejar e organizar produ\u00e7\u00f5es audiovisuais e recursos necess\u00e1rios<br \/>\nCaptar imagens e \u00e1udio utilizando equipamentos profissionais<br \/>\nEditar v\u00eddeos (montagem, ajustes de \u00e1udio, coloriza\u00e7\u00e3o, legendas e gr\u00e1ficos)<br \/>\nCriar efeitos visuais, anima\u00e7\u00f5es e motion graphics<br \/>\nDesenvolver roteiros e storyboards<br \/>\nRealizar manuten\u00e7\u00e3o b\u00e1sica de equipamentos<br \/>\nArquivar e organizar materiais brutos e finalizados<br \/>\nOBJETIVOS<br \/>\nProduzir conte\u00fados audiovisuais de alta qualidade<br \/>\nAumentar o engajamento nas plataformas digitais<br \/>\nGarantir alinhamento com as estrat\u00e9gias de marketing<br \/>\nContribuir para campanhas publicit\u00e1rias mais eficazes<br \/>\nFortalecer a imagem institucional<br \/>\nManter a empresa competitiva com inova\u00e7\u00e3o audiovisual<\/p>\n<ul>\n<li>Local de trabalho: Rio de Janeiro, RJ<\/li>\n<li>Regime de contrata\u00e7\u00e3o de tipo: Efetivo \u2013 CLT<\/li>\n<li>Jornada: Per\u00edodo Integral<\/li>\n<li>\u00c1rea e especializa\u00e7\u00e3o profissional: Marketing &#8211; Marketing<\/li>\n<li>N\u00edvel hier\u00e1rquico: Analista<\/li>\n<\/ul>\n<p>VALORIZADO<\/p>\n<p>Tempo de experi\u00eancia: Entre 1 e 3 anos<\/p>\n<p>Escolaridade M\u00ednima: Ensino Superior<\/p>\n<p>Sal\u00e1rio: 2290,0<\/p>\n","protected":false},"excerpt":{"rendered":"<p>HOR\u00c1RIO DE TRABALHO Segunda a sexta \u2013 das 10h \u00e0s 19h S\u00e1bados \u2013 das 8h \u00e0s 12h FORMA\u00c7\u00c3O Gradua\u00e7\u00e3o em Comunica\u00e7\u00e3o Social, Cinema, Publicidade e Propaganda, Operador de c\u00e2mera ou \u00e1reas afins Cursos t\u00e9cnicos ou especializa\u00e7\u00f5es em produ\u00e7\u00e3o audiovisual, edi\u00e7\u00e3o de v\u00eddeos e design de m\u00eddia s\u00e3o diferenciais REQUISITOS DO CARGO Experi\u00eancia comprovada em produ\u00e7\u00e3o [&hellip;]<\/p>\n","protected":false},"author":1,"featured_media":0,"comment_status":"open","ping_status":"open","sticky":false,"template":"","format":"standard","meta":{"footnotes":""},"categories":[21],"tags":[],"class_list":["post-1409","post","type-post","status-publish","format-standard","hentry","category-rio-de-janeiro-rj"],"_links":{"self":[{"href":"https:\/\/vagas.portalemprego.com.br\/index.php?rest_route=\/wp\/v2\/posts\/1409","targetHints":{"allow":["GET"]}}],"collection":[{"href":"https:\/\/vagas.portalemprego.com.br\/index.php?rest_route=\/wp\/v2\/posts"}],"about":[{"href":"https:\/\/vagas.portalemprego.com.br\/index.php?rest_route=\/wp\/v2\/types\/post"}],"author":[{"embeddable":true,"href":"https:\/\/vagas.portalemprego.com.br\/index.php?rest_route=\/wp\/v2\/users\/1"}],"replies":[{"embeddable":true,"href":"https:\/\/vagas.portalemprego.com.br\/index.php?rest_route=%2Fwp%2Fv2%2Fcomments&post=1409"}],"version-history":[{"count":0,"href":"https:\/\/vagas.portalemprego.com.br\/index.php?rest_route=\/wp\/v2\/posts\/1409\/revisions"}],"wp:attachment":[{"href":"https:\/\/vagas.portalemprego.com.br\/index.php?rest_route=%2Fwp%2Fv2%2Fmedia&parent=1409"}],"wp:term":[{"taxonomy":"category","embeddable":true,"href":"https:\/\/vagas.portalemprego.com.br\/index.php?rest_route=%2Fwp%2Fv2%2Fcategories&post=1409"},{"taxonomy":"post_tag","embeddable":true,"href":"https:\/\/vagas.portalemprego.com.br\/index.php?rest_route=%2Fwp%2Fv2%2Ftags&post=1409"}],"curies":[{"name":"wp","href":"https:\/\/api.w.org\/{rel}","templated":true}]}}