{"id":1418,"date":"2026-04-29T06:01:01","date_gmt":"2026-04-29T09:01:01","guid":{"rendered":"https:\/\/vagas.portalemprego.com.br\/?p=1418"},"modified":"2026-04-29T06:01:01","modified_gmt":"2026-04-29T09:01:01","slug":"auxiliar-de-manutencao-6x1-construcao-manutencao-rio-de-janeiro","status":"publish","type":"post","link":"https:\/\/vagas.portalemprego.com.br\/?p=1418","title":{"rendered":"Auxiliar de Manuten\u00e7\u00e3o 6X1 &#8211; Constru\u00e7\u00e3o, Manuten\u00e7\u00e3o &#8211; Rio de Janeiro"},"content":{"rendered":"<p>Principais\u00a0Atribui\u00e7\u00f5es<\/p>\n<p>Auxiliar\u00a0na\u00a0manuten\u00e7\u00e3o\u00a0el\u00e9trica\u00a0b\u00e1sica,\u00a0como\u00a0troca\u00a0de\u00a0l\u00e2mpadas,\u00a0tomadas,\u00a0interruptores\u00a0e\u00a0lumin\u00e1rias;<br \/>\nAuxiliar\u00a0na\u00a0manuten\u00e7\u00e3o\u00a0hidr\u00e1ulica\u00a0b\u00e1sica,\u00a0como\u00a0troca\u00a0de\u00a0torneiras,\u00a0sif\u00f5es,\u00a0registros,\u00a0v\u00e1lvulas\u00a0e\u00a0pequenos\u00a0reparos\u00a0em\u00a0vazamentos;<br \/>\nRealizar\u00a0servi\u00e7os\u00a0de\u00a0alvenaria\u00a0simples,\u00a0como\u00a0pequenos\u00a0reparos\u00a0em\u00a0paredes,\u00a0pisos\u00a0e\u00a0rejuntes;<br \/>\nExecutar\u00a0pinturas\u00a0e\u00a0retoques\u00a0em\u00a0\u00e1reas\u00a0comuns\u00a0quando\u00a0necess\u00e1rio;<br \/>\nAuxiliar\u00a0na\u00a0manuten\u00e7\u00e3o\u00a0de\u00a0port\u00f5es,\u00a0fechaduras,\u00a0dobradi\u00e7as\u00a0e\u00a0grades;<br \/>\nApoiar\u00a0a\u00a0manuten\u00e7\u00e3o\u00a0de\u00a0bombas,\u00a0motores,\u00a0quadros\u00a0el\u00e9tricos\u00a0e\u00a0equipamentos,\u00a0sempre\u00a0sob\u00a0orienta\u00e7\u00e3o\u00a0t\u00e9cnica;<br \/>\nRealizar\u00a0inspe\u00e7\u00f5es\u00a0peri\u00f3dicas\u00a0nas\u00a0\u00e1reas\u00a0comuns\u00a0para\u00a0identificar\u00a0necessidades\u00a0de\u00a0reparo;<br \/>\nZelar\u00a0pelo\u00a0uso\u00a0correto,\u00a0organiza\u00e7\u00e3o\u00a0e\u00a0conserva\u00e7\u00e3o\u00a0de\u00a0ferramentas,\u00a0materiais\u00a0e\u00a0equipamentos;<br \/>\nAuxiliar\u00a0prestadores\u00a0de\u00a0servi\u00e7o\u00a0terceirizados\u00a0quando\u00a0necess\u00e1rio;<br \/>\nSeguir\u00a0normas\u00a0de\u00a0seguran\u00e7a\u00a0do\u00a0trabalho\u00a0e\u00a0uso\u00a0adequado\u00a0de\u00a0EPIs;<br \/>\nExecutar\u00a0outras\u00a0atividades\u00a0correlatas\u00a0conforme\u00a0orienta\u00e7\u00e3o\u00a0do\u00a0superior\u00a0imediato.<br \/>\nRequisitos<br \/>\nEnsino\u00a0Fundamental\u00a0completo\u00a0(desej\u00e1vel);<br \/>\nExperi\u00eancia\u00a0pr\u00e9via\u00a0em\u00a0manuten\u00e7\u00e3o\u00a0predial\u00a0ou\u00a0fun\u00e7\u00e3o\u00a0similar\u00a0(diferencial);<br \/>\nConhecimentos\u00a0b\u00e1sicos\u00a0em\u00a0el\u00e9trica,\u00a0hidr\u00e1ulica\u00a0e\u00a0pequenos\u00a0reparos;<\/p>\n<p>Escala\/Hor\u00e1rio:<br \/>\nEscala 6&#215;1.<br \/>\nBenef\u00edcios:<br \/>\nVale Transporte e Vale Alimenta\u00e7\u00e3o<\/p>\n<ul>\n<li>Local de trabalho: Rio de Janeiro, RJ<\/li>\n<li>Regime de contrata\u00e7\u00e3o de tipo: Efetivo \u2013 CLT<\/li>\n<li>Jornada: Per\u00edodo Integral<\/li>\n<li>\u00c1rea e especializa\u00e7\u00e3o profissional: Constru\u00e7\u00e3o, Manuten\u00e7\u00e3o &#8211; Manuten\u00e7\u00e3o em Geral<\/li>\n<li>N\u00edvel hier\u00e1rquico: Operacional<\/li>\n<\/ul>\n<p>VALORIZADO<\/p>\n<p>Tempo de experi\u00eancia: Entre 1 e 3 anos<\/p>\n<p>Escolaridade M\u00ednima: Ensino M\u00e9dio (2\u00ba Grau)<\/p>\n<ul>\n<li>Vale alimenta\u00e7\u00e3o<\/li>\n<li>Vale transporte<\/li>\n<\/ul>\n<p>Sal\u00e1rio: 1730,75<\/p>\n","protected":false},"excerpt":{"rendered":"<p>Principais\u00a0Atribui\u00e7\u00f5es Auxiliar\u00a0na\u00a0manuten\u00e7\u00e3o\u00a0el\u00e9trica\u00a0b\u00e1sica,\u00a0como\u00a0troca\u00a0de\u00a0l\u00e2mpadas,\u00a0tomadas,\u00a0interruptores\u00a0e\u00a0lumin\u00e1rias; Auxiliar\u00a0na\u00a0manuten\u00e7\u00e3o\u00a0hidr\u00e1ulica\u00a0b\u00e1sica,\u00a0como\u00a0troca\u00a0de\u00a0torneiras,\u00a0sif\u00f5es,\u00a0registros,\u00a0v\u00e1lvulas\u00a0e\u00a0pequenos\u00a0reparos\u00a0em\u00a0vazamentos; Realizar\u00a0servi\u00e7os\u00a0de\u00a0alvenaria\u00a0simples,\u00a0como\u00a0pequenos\u00a0reparos\u00a0em\u00a0paredes,\u00a0pisos\u00a0e\u00a0rejuntes; Executar\u00a0pinturas\u00a0e\u00a0retoques\u00a0em\u00a0\u00e1reas\u00a0comuns\u00a0quando\u00a0necess\u00e1rio; Auxiliar\u00a0na\u00a0manuten\u00e7\u00e3o\u00a0de\u00a0port\u00f5es,\u00a0fechaduras,\u00a0dobradi\u00e7as\u00a0e\u00a0grades; Apoiar\u00a0a\u00a0manuten\u00e7\u00e3o\u00a0de\u00a0bombas,\u00a0motores,\u00a0quadros\u00a0el\u00e9tricos\u00a0e\u00a0equipamentos,\u00a0sempre\u00a0sob\u00a0orienta\u00e7\u00e3o\u00a0t\u00e9cnica; Realizar\u00a0inspe\u00e7\u00f5es\u00a0peri\u00f3dicas\u00a0nas\u00a0\u00e1reas\u00a0comuns\u00a0para\u00a0identificar\u00a0necessidades\u00a0de\u00a0reparo; Zelar\u00a0pelo\u00a0uso\u00a0correto,\u00a0organiza\u00e7\u00e3o\u00a0e\u00a0conserva\u00e7\u00e3o\u00a0de\u00a0ferramentas,\u00a0materiais\u00a0e\u00a0equipamentos; Auxiliar\u00a0prestadores\u00a0de\u00a0servi\u00e7o\u00a0terceirizados\u00a0quando\u00a0necess\u00e1rio; Seguir\u00a0normas\u00a0de\u00a0seguran\u00e7a\u00a0do\u00a0trabalho\u00a0e\u00a0uso\u00a0adequado\u00a0de\u00a0EPIs; Executar\u00a0outras\u00a0atividades\u00a0correlatas\u00a0conforme\u00a0orienta\u00e7\u00e3o\u00a0do\u00a0superior\u00a0imediato. Requisitos Ensino\u00a0Fundamental\u00a0completo\u00a0(desej\u00e1vel); Experi\u00eancia\u00a0pr\u00e9via\u00a0em\u00a0manuten\u00e7\u00e3o\u00a0predial\u00a0ou\u00a0fun\u00e7\u00e3o\u00a0similar\u00a0(diferencial); Conhecimentos\u00a0b\u00e1sicos\u00a0em\u00a0el\u00e9trica,\u00a0hidr\u00e1ulica\u00a0e\u00a0pequenos\u00a0reparos; Escala\/Hor\u00e1rio: Escala 6&#215;1. Benef\u00edcios: Vale Transporte e Vale Alimenta\u00e7\u00e3o Local de trabalho: Rio de Janeiro, RJ Regime de contrata\u00e7\u00e3o de tipo: Efetivo \u2013 CLT Jornada: Per\u00edodo Integral \u00c1rea e especializa\u00e7\u00e3o profissional: Constru\u00e7\u00e3o, Manuten\u00e7\u00e3o &#8211; Manuten\u00e7\u00e3o em Geral N\u00edvel hier\u00e1rquico: [&hellip;]<\/p>\n","protected":false},"author":1,"featured_media":0,"comment_status":"open","ping_status":"open","sticky":false,"template":"","format":"standard","meta":{"footnotes":""},"categories":[21],"tags":[],"class_list":["post-1418","post","type-post","status-publish","format-standard","hentry","category-rio-de-janeiro-rj"],"_links":{"self":[{"href":"https:\/\/vagas.portalemprego.com.br\/index.php?rest_route=\/wp\/v2\/posts\/1418","targetHints":{"allow":["GET"]}}],"collection":[{"href":"https:\/\/vagas.portalemprego.com.br\/index.php?rest_route=\/wp\/v2\/posts"}],"about":[{"href":"https:\/\/vagas.portalemprego.com.br\/index.php?rest_route=\/wp\/v2\/types\/post"}],"author":[{"embeddable":true,"href":"https:\/\/vagas.portalemprego.com.br\/index.php?rest_route=\/wp\/v2\/users\/1"}],"replies":[{"embeddable":true,"href":"https:\/\/vagas.portalemprego.com.br\/index.php?rest_route=%2Fwp%2Fv2%2Fcomments&post=1418"}],"version-history":[{"count":0,"href":"https:\/\/vagas.portalemprego.com.br\/index.php?rest_route=\/wp\/v2\/posts\/1418\/revisions"}],"wp:attachment":[{"href":"https:\/\/vagas.portalemprego.com.br\/index.php?rest_route=%2Fwp%2Fv2%2Fmedia&parent=1418"}],"wp:term":[{"taxonomy":"category","embeddable":true,"href":"https:\/\/vagas.portalemprego.com.br\/index.php?rest_route=%2Fwp%2Fv2%2Fcategories&post=1418"},{"taxonomy":"post_tag","embeddable":true,"href":"https:\/\/vagas.portalemprego.com.br\/index.php?rest_route=%2Fwp%2Fv2%2Ftags&post=1418"}],"curies":[{"name":"wp","href":"https:\/\/api.w.org\/{rel}","templated":true}]}}