{"id":1419,"date":"2026-04-29T06:01:01","date_gmt":"2026-04-29T09:01:01","guid":{"rendered":"https:\/\/vagas.portalemprego.com.br\/?p=1419"},"modified":"2026-04-29T06:01:01","modified_gmt":"2026-04-29T09:01:01","slug":"operadora-de-loja-fechamento-meier-rj-comercial-vendas-rio-de-janeiro","status":"publish","type":"post","link":"https:\/\/vagas.portalemprego.com.br\/?p=1419","title":{"rendered":"Operador(a) de Loja &#8211; Fechamento | M\u00e9ier\/RJ &#8211; Comercial, Vendas &#8211; Rio de Janeiro"},"content":{"rendered":"<p>Sobre a vaga:<br \/>\nTrabalhamos para voc\u00ea ser mais voc\u00ea em todos os momentos, come\u00e7ando pela sua carreira. Se voc\u00ea se identifica conosco e procura uma empresa, acima de tudo, apaixonada por pessoas, #VemPraC&amp;A! ??<\/p>\n<p>Responsabilidades e atribui\u00e7\u00f5es:<br \/>\nOferecer o melhor atendimento \u00e0s clientes, dentro dos padr\u00f5es estabelecidos pela empresa;<br \/>\nTrocas de mercadorias, precifica\u00e7\u00e3o, remarca\u00e7\u00f5es, reposi\u00e7\u00f5es, organiza\u00e7\u00e3o da loja e distribui\u00e7\u00e3o;<br \/>\nManuten\u00e7\u00e3o e organiza\u00e7\u00e3o das reservas;<br \/>\nProcessos operacionais de visual merchandising.<\/p>\n<p>Requisitos e qualifica\u00e7\u00f5es:<br \/>\nEnsino M\u00e9dio completo;<br \/>\nF\u00e1cil acesso ao Barra Shopping;<br \/>\nDisponibilidade de hor\u00e1rio para trabalhar no per\u00edodo de FECHAMENTO de loja (13:30 a 21:30, podendo ser estendido);<br \/>\nComunicar-se de forma clara, eficiente e respeitosa;<br \/>\nViv\u00eancia ou interesse em moda \u00e9 um diferencial.<\/p>\n<ul>\n<li>Local de trabalho: Rio de Janeiro, RJ<\/li>\n<li>Regime de contrata\u00e7\u00e3o de tipo: Efetivo \u2013 CLT<\/li>\n<li>Jornada: Per\u00edodo Integral<\/li>\n<li>\u00c1rea e especializa\u00e7\u00e3o profissional: Comercial, Vendas &#8211; Lojas \/ Shopping<\/li>\n<li>N\u00edvel hier\u00e1rquico: Operacional<\/li>\n<\/ul>\n<p>HABILIDADES<\/p>\n<ul>\n<li>Comunica\u00e7\u00e3o<\/li>\n<li>Agilidade<\/li>\n<li>Criatividade<\/li>\n<\/ul>\n<p>Escolaridade M\u00ednima: Ensino M\u00e9dio (2\u00ba Grau)<\/p>\n<ul>\n<li>Participa\u00e7\u00e3o nos lucros<\/li>\n<li>Wellhub (Gympass)<\/li>\n<li>Plano de carreira<\/li>\n<li>Assist\u00eancia m\u00e9dica e odontol\u00f3gica (ap\u00f3s 12 meses de empresa)<\/li>\n<li>Day Off-Folga de Anivers\u00e1rio<\/li>\n<li>Vale Transporte<\/li>\n<li>Treinamentos<\/li>\n<li>Conv\u00eanio Farm\u00e1cia<\/li>\n<li>Apoio psicol\u00f3gico, jur\u00eddico e social<\/li>\n<li>Caf\u00e9 da tarde gratuito, diariamente e no local<\/li>\n<li>Vale-refei\u00e7\u00e3o e\/ou Vale-alimenta\u00e7\u00e3o<\/li>\n<li>Programa de Reconhecimento Mensal com Folga Extra<\/li>\n<li>Telemedicina e teleterapia<\/li>\n<li>Conv\u00eanio Sesc<\/li>\n<li>Desconto de 20% nos produtos C&amp;A<\/li>\n<\/ul>\n","protected":false},"excerpt":{"rendered":"<p>Sobre a vaga: Trabalhamos para voc\u00ea ser mais voc\u00ea em todos os momentos, come\u00e7ando pela sua carreira. Se voc\u00ea se identifica conosco e procura uma empresa, acima de tudo, apaixonada por pessoas, #VemPraC&amp;A! ?? Responsabilidades e atribui\u00e7\u00f5es: Oferecer o melhor atendimento \u00e0s clientes, dentro dos padr\u00f5es estabelecidos pela empresa; Trocas de mercadorias, precifica\u00e7\u00e3o, remarca\u00e7\u00f5es, reposi\u00e7\u00f5es, [&hellip;]<\/p>\n","protected":false},"author":1,"featured_media":0,"comment_status":"open","ping_status":"open","sticky":false,"template":"","format":"standard","meta":{"footnotes":""},"categories":[21],"tags":[],"class_list":["post-1419","post","type-post","status-publish","format-standard","hentry","category-rio-de-janeiro-rj"],"_links":{"self":[{"href":"https:\/\/vagas.portalemprego.com.br\/index.php?rest_route=\/wp\/v2\/posts\/1419","targetHints":{"allow":["GET"]}}],"collection":[{"href":"https:\/\/vagas.portalemprego.com.br\/index.php?rest_route=\/wp\/v2\/posts"}],"about":[{"href":"https:\/\/vagas.portalemprego.com.br\/index.php?rest_route=\/wp\/v2\/types\/post"}],"author":[{"embeddable":true,"href":"https:\/\/vagas.portalemprego.com.br\/index.php?rest_route=\/wp\/v2\/users\/1"}],"replies":[{"embeddable":true,"href":"https:\/\/vagas.portalemprego.com.br\/index.php?rest_route=%2Fwp%2Fv2%2Fcomments&post=1419"}],"version-history":[{"count":0,"href":"https:\/\/vagas.portalemprego.com.br\/index.php?rest_route=\/wp\/v2\/posts\/1419\/revisions"}],"wp:attachment":[{"href":"https:\/\/vagas.portalemprego.com.br\/index.php?rest_route=%2Fwp%2Fv2%2Fmedia&parent=1419"}],"wp:term":[{"taxonomy":"category","embeddable":true,"href":"https:\/\/vagas.portalemprego.com.br\/index.php?rest_route=%2Fwp%2Fv2%2Fcategories&post=1419"},{"taxonomy":"post_tag","embeddable":true,"href":"https:\/\/vagas.portalemprego.com.br\/index.php?rest_route=%2Fwp%2Fv2%2Ftags&post=1419"}],"curies":[{"name":"wp","href":"https:\/\/api.w.org\/{rel}","templated":true}]}}