{"id":1420,"date":"2026-04-29T06:01:01","date_gmt":"2026-04-29T09:01:01","guid":{"rendered":"https:\/\/vagas.portalemprego.com.br\/?p=1420"},"modified":"2026-04-29T06:01:01","modified_gmt":"2026-04-29T09:01:01","slug":"trainee-operacional-industrial-producao-fabrica-sao-goncalo","status":"publish","type":"post","link":"https:\/\/vagas.portalemprego.com.br\/?p=1420","title":{"rendered":"TRAINEE OPERACIONAL &#8211; Industrial, Produ\u00e7\u00e3o, F\u00e1brica &#8211; S\u00e3o Gon\u00e7alo"},"content":{"rendered":"<p>Descri\u00e7\u00e3o:<br \/>\n Temos o prazer de anunciar a abertura de uma nova turma do nosso Centro de Treinamento \u2013 Escola de Costura! O programa \u00e9 destinado a candidatos sem experi\u00eancia que desejam aprender e desenvolver habilidades na \u00e1rea de costura.<br \/>\nSobre o programa:<br \/>\nDura\u00e7\u00e3o: 3 meses<br \/>\nDurante esse per\u00edodo, os participantes conhecer\u00e3o as rotinas da fun\u00e7\u00e3o e passar\u00e3o por avalia\u00e7\u00f5es de desempenho.<br \/>\nAo final dos 3 meses, aqueles que apresentarem bom desenvolvimento poder\u00e3o ser efetivados como auxiliar de costura.<\/p>\n<ul>\n<li>N\u00famero de vagas: 10<\/li>\n<li>Local de trabalho: S\u00e3o Gon\u00e7alo, RJ<\/li>\n<li>Regime de contrata\u00e7\u00e3o de tipo: Efetivo \u2013 CLT<\/li>\n<li>Jornada: Per\u00edodo Integral<\/li>\n<li>\u00c1rea e especializa\u00e7\u00e3o profissional: Industrial, Produ\u00e7\u00e3o, F\u00e1brica &#8211; Produ\u00e7\u00e3o<\/li>\n<li>N\u00edvel hier\u00e1rquico: Trainee<\/li>\n<\/ul>\n<p>VALORIZADO<\/p>\n<p>Tempo de experi\u00eancia: Sem experi\u00eancia<\/p>\n<p>Escolaridade M\u00ednima: Ensino M\u00e9dio (2\u00ba Grau)<\/p>\n<ul>\n<li>Vale Transporte<\/li>\n<li>Vale Alimenta\u00e7\u00e3o<\/li>\n<li>Totalpass<\/li>\n<li>Conv\u00eanio com o SESC<\/li>\n<li>Desconto em nossas lojas<\/li>\n<\/ul>\n<p>Sal\u00e1rio: 1625,0<\/p>\n","protected":false},"excerpt":{"rendered":"<p>Descri\u00e7\u00e3o: Temos o prazer de anunciar a abertura de uma nova turma do nosso Centro de Treinamento \u2013 Escola de Costura! O programa \u00e9 destinado a candidatos sem experi\u00eancia que desejam aprender e desenvolver habilidades na \u00e1rea de costura. Sobre o programa: Dura\u00e7\u00e3o: 3 meses Durante esse per\u00edodo, os participantes conhecer\u00e3o as rotinas da fun\u00e7\u00e3o [&hellip;]<\/p>\n","protected":false},"author":1,"featured_media":0,"comment_status":"open","ping_status":"open","sticky":false,"template":"","format":"standard","meta":{"footnotes":""},"categories":[21],"tags":[],"class_list":["post-1420","post","type-post","status-publish","format-standard","hentry","category-rio-de-janeiro-rj"],"_links":{"self":[{"href":"https:\/\/vagas.portalemprego.com.br\/index.php?rest_route=\/wp\/v2\/posts\/1420","targetHints":{"allow":["GET"]}}],"collection":[{"href":"https:\/\/vagas.portalemprego.com.br\/index.php?rest_route=\/wp\/v2\/posts"}],"about":[{"href":"https:\/\/vagas.portalemprego.com.br\/index.php?rest_route=\/wp\/v2\/types\/post"}],"author":[{"embeddable":true,"href":"https:\/\/vagas.portalemprego.com.br\/index.php?rest_route=\/wp\/v2\/users\/1"}],"replies":[{"embeddable":true,"href":"https:\/\/vagas.portalemprego.com.br\/index.php?rest_route=%2Fwp%2Fv2%2Fcomments&post=1420"}],"version-history":[{"count":0,"href":"https:\/\/vagas.portalemprego.com.br\/index.php?rest_route=\/wp\/v2\/posts\/1420\/revisions"}],"wp:attachment":[{"href":"https:\/\/vagas.portalemprego.com.br\/index.php?rest_route=%2Fwp%2Fv2%2Fmedia&parent=1420"}],"wp:term":[{"taxonomy":"category","embeddable":true,"href":"https:\/\/vagas.portalemprego.com.br\/index.php?rest_route=%2Fwp%2Fv2%2Fcategories&post=1420"},{"taxonomy":"post_tag","embeddable":true,"href":"https:\/\/vagas.portalemprego.com.br\/index.php?rest_route=%2Fwp%2Fv2%2Ftags&post=1420"}],"curies":[{"name":"wp","href":"https:\/\/api.w.org\/{rel}","templated":true}]}}