{"id":1421,"date":"2026-04-29T06:01:01","date_gmt":"2026-04-29T09:01:01","guid":{"rendered":"https:\/\/vagas.portalemprego.com.br\/?p=1421"},"modified":"2026-04-29T06:01:01","modified_gmt":"2026-04-29T09:01:01","slug":"coordenador-de-midias-eventos-e-parcerias-marketing-rio-de-janeiro","status":"publish","type":"post","link":"https:\/\/vagas.portalemprego.com.br\/?p=1421","title":{"rendered":"Coordenador de M\u00eddias, Eventos e Parcerias &#8211; Marketing &#8211; Rio de Janeiro"},"content":{"rendered":"<p>Coordenador(a) de M\u00eddias, Eventos e Parcerias<br \/>\nUma casa \u00e9 mais do que um espa\u00e7o \u2014 \u00e9 uma forma de express\u00e3o.<br \/>\n Na Abra Cadabra &amp; Abra Casa, acreditamos no design brasileiro, autoral e acess\u00edvel como ferramenta para criar ambientes que acolhem, conectam e atravessam o tempo.<br \/>\nSomos uma marca que une est\u00e9tica, funcionalidade e experi\u00eancia. Aqui, cada detalhe importa: do produto ao atendimento, do digital ao ponto f\u00edsico.<br \/>\nEstamos em busca de um(a) Coordenador(a) de M\u00eddias, Eventos e Parcerias que queira transformar estrat\u00e9gia em experi\u00eancia, conte\u00fado em conex\u00e3o e marca em presen\u00e7a viva \u2014 dentro e fora das nossas lojas.<br \/>\n Principais responsabilidades<br \/>\nDesenvolver e implementar a\u00e7\u00f5es de Brand Experience no PDV, especialmente em eventos e datas especiais<br \/>\nCriar e desdobrar brindes e ativa\u00e7\u00f5es alinhadas ao posicionamento da marca<br \/>\nNegociar, contratar e acompanhar campanhas com influenciadores e criadores de conte\u00fado<br \/>\nCoordenar o time respons\u00e1vel pela produ\u00e7\u00e3o e publica\u00e7\u00e3o de conte\u00fado nas redes sociais<br \/>\nPlanejar e acompanhar a grava\u00e7\u00e3o e edi\u00e7\u00e3o de conte\u00fados para redes sociais, especialmente em lojas e eventos<br \/>\nIntegrar estrat\u00e9gias online e offline, potencializando engajamento e convers\u00e3o<br \/>\nMonitorar KPIs e gerar insights para evolu\u00e7\u00e3o cont\u00ednua das campanhas<br \/>\nParticipar da constru\u00e7\u00e3o estrat\u00e9gica das campanhas da marca<br \/>\nCriar briefings claros e inspiradores para campanhas, parceiros e conte\u00fados<br \/>\nAtuar junto ao time na gera\u00e7\u00e3o de conte\u00fado nos pontos f\u00edsicos (lojas e eventos)<br \/>\nOs desafios do cargo<br \/>\nGerenciar m\u00faltiplos stakeholders com fluidez<br \/>\nComunicar com clareza e poder de influ\u00eancia (interno e externo)<br \/>\nOrganizar e priorizar diferentes frentes simultaneamente<br \/>\nEquilibrar vis\u00e3o estrat\u00e9gica com execu\u00e7\u00e3o pr\u00e1tica<br \/>\nPropor a\u00e7\u00f5es criativas que gerem conex\u00e3o real com o p\u00fablico<br \/>\nLidar com a din\u00e2mica de eventos e campanhas, incluindo imprevistos<br \/>\nRequisitos indispens\u00e1veis<br \/>\nExperi\u00eancia em Marketing, com atua\u00e7\u00e3o em gest\u00e3o de equipe e lideran\u00e7a de projetos<br \/>\nViv\u00eancia com influenciadores e negocia\u00e7\u00e3o de parcerias<br \/>\nConhecimento em branding e posicionamento de marca<br \/>\nDom\u00ednio de m\u00e9tricas e an\u00e1lise de performance em redes sociais<br \/>\nExperi\u00eancia com planejamento de conte\u00fado e campanhas integradas (online + offline)<br \/>\nOrganiza\u00e7\u00e3o e gest\u00e3o de or\u00e7amento<br \/>\nPacote Office<br \/>\nPerfil respons\u00e1vel, comprometido(a), comunicativo(a) e organizado(a)<br \/>\nDisponibilidade para viagens eventuais<br \/>\nSal\u00e1rio e benef\u00edcios<br \/>\nRemunera\u00e7\u00e3o compat\u00edvel com mercado, metas mensais por atingimento de resultados + benef\u00edcios<br \/>\nModelo de trabalho: H\u00edbrido (2x home office, 3x presencial)<br \/>\nHor\u00e1rio: 8h \u00e0s 17h ou 9h \u00e0s 18h<\/p>\n<ul>\n<li>Local de trabalho: Rio de Janeiro, RJ<\/li>\n<li>Regime de contrata\u00e7\u00e3o de tipo: Efetivo \u2013 CLT<\/li>\n<li>Jornada: Per\u00edodo Integral<\/li>\n<li>\u00c1rea e especializa\u00e7\u00e3o profissional: Marketing &#8211; Marketing<\/li>\n<li>N\u00edvel hier\u00e1rquico: Coordenador<\/li>\n<\/ul>\n<p>VALORIZADO<\/p>\n<p>Tempo de experi\u00eancia: Entre 3 e 5 anos<\/p>\n<p>Escolaridade M\u00ednima: Ensino Superior<\/p>\n<p>Forma\u00e7\u00e3o desejada:<\/p>\n<ul>\n<li>Marketing, Ensino Superior<\/li>\n<li>Publicidade e propaganda, Ensino Superior<\/li>\n<\/ul>\n","protected":false},"excerpt":{"rendered":"<p>Coordenador(a) de M\u00eddias, Eventos e Parcerias Uma casa \u00e9 mais do que um espa\u00e7o \u2014 \u00e9 uma forma de express\u00e3o. Na Abra Cadabra &amp; Abra Casa, acreditamos no design brasileiro, autoral e acess\u00edvel como ferramenta para criar ambientes que acolhem, conectam e atravessam o tempo. Somos uma marca que une est\u00e9tica, funcionalidade e experi\u00eancia. Aqui, [&hellip;]<\/p>\n","protected":false},"author":1,"featured_media":0,"comment_status":"open","ping_status":"open","sticky":false,"template":"","format":"standard","meta":{"footnotes":""},"categories":[21],"tags":[],"class_list":["post-1421","post","type-post","status-publish","format-standard","hentry","category-rio-de-janeiro-rj"],"_links":{"self":[{"href":"https:\/\/vagas.portalemprego.com.br\/index.php?rest_route=\/wp\/v2\/posts\/1421","targetHints":{"allow":["GET"]}}],"collection":[{"href":"https:\/\/vagas.portalemprego.com.br\/index.php?rest_route=\/wp\/v2\/posts"}],"about":[{"href":"https:\/\/vagas.portalemprego.com.br\/index.php?rest_route=\/wp\/v2\/types\/post"}],"author":[{"embeddable":true,"href":"https:\/\/vagas.portalemprego.com.br\/index.php?rest_route=\/wp\/v2\/users\/1"}],"replies":[{"embeddable":true,"href":"https:\/\/vagas.portalemprego.com.br\/index.php?rest_route=%2Fwp%2Fv2%2Fcomments&post=1421"}],"version-history":[{"count":0,"href":"https:\/\/vagas.portalemprego.com.br\/index.php?rest_route=\/wp\/v2\/posts\/1421\/revisions"}],"wp:attachment":[{"href":"https:\/\/vagas.portalemprego.com.br\/index.php?rest_route=%2Fwp%2Fv2%2Fmedia&parent=1421"}],"wp:term":[{"taxonomy":"category","embeddable":true,"href":"https:\/\/vagas.portalemprego.com.br\/index.php?rest_route=%2Fwp%2Fv2%2Fcategories&post=1421"},{"taxonomy":"post_tag","embeddable":true,"href":"https:\/\/vagas.portalemprego.com.br\/index.php?rest_route=%2Fwp%2Fv2%2Ftags&post=1421"}],"curies":[{"name":"wp","href":"https:\/\/api.w.org\/{rel}","templated":true}]}}