{"id":1422,"date":"2026-04-29T06:01:01","date_gmt":"2026-04-29T09:01:01","guid":{"rendered":"https:\/\/vagas.portalemprego.com.br\/?p=1422"},"modified":"2026-04-29T06:01:01","modified_gmt":"2026-04-29T09:01:01","slug":"encarregado-de-operacoes-transportes-itaborai","status":"publish","type":"post","link":"https:\/\/vagas.portalemprego.com.br\/?p=1422","title":{"rendered":"Encarregado de Opera\u00e7\u00f5es &#8211; Transportes &#8211; Itabora\u00ed"},"content":{"rendered":"<p>Responsabilidades e atribui\u00e7\u00f5es:<br \/>\nOrganizar a libera\u00e7\u00e3o da frota; liderar a equipe de motoristas; receber e liberar os motoristas; preparar e operacionalizar escalas; examinar ve\u00edculos; garantir a realiza\u00e7\u00e3o dos pedidos dos clientes; solicitar e encaminhar ordens de servi\u00e7o de manuten\u00e7\u00e3o; controlar o r\u00e1dio; agir em caso de ocorr\u00eancias; desenvolver projetos; receber e analisar o Boletim Di\u00e1rio de Opera\u00e7\u00f5es; assegurar o cumprimento de objetivos e metas; realizar tarefas conforme os controles operacionais estabelecidos; atender \u00e0s solicita\u00e7\u00f5es e ouvir os motoristas; sugerir melhorias nas atividades; controlar indicadores; gerir a equipe; garantir que os processos de gest\u00e3o da qualidade, seguran\u00e7a e meio ambiente estejam estabelecidos e mantidos; alertar a lideran\u00e7a ou respons\u00e1veis quando identificar n\u00e3o conformidades; trabalhar de acordo com as normas do Sistema de Gest\u00e3o Integrado e da Seguran\u00e7a do Trabalho; contribuir para o desempenho socioambiental da companhia, atuando de forma colaborativa e participativa em quest\u00f5es relacionadas ao meio ambiente e \u00e0 seguran\u00e7a do trabalho.<\/p>\n<p>Requisitos e qualifica\u00e7\u00f5es:<br \/>\nDesej\u00e1vel ensino superior completo ou cursando<br \/>\nConhecimento em Excel<br \/>\nExperi\u00eancia com gest\u00e3o de frota e gest\u00e3o de grandes equipes<br \/>\nCNH B<\/p>\n<ul>\n<li>Local de trabalho: Itabora\u00ed, RJ<\/li>\n<li>Regime de contrata\u00e7\u00e3o de tipo: Efetivo \u2013 CLT<\/li>\n<li>Jornada: Per\u00edodo Integral<\/li>\n<li>\u00c1rea e especializa\u00e7\u00e3o profissional: Transportes &#8211; Controle de Tr\u00e1fego<\/li>\n<li>N\u00edvel hier\u00e1rquico: Encarregado<\/li>\n<\/ul>\n<p>Escolaridade M\u00ednima: Ensino Superior<\/p>\n<p>Habilita\u00e7\u00e3o para dirigir: B<\/p>\n","protected":false},"excerpt":{"rendered":"<p>Responsabilidades e atribui\u00e7\u00f5es: Organizar a libera\u00e7\u00e3o da frota; liderar a equipe de motoristas; receber e liberar os motoristas; preparar e operacionalizar escalas; examinar ve\u00edculos; garantir a realiza\u00e7\u00e3o dos pedidos dos clientes; solicitar e encaminhar ordens de servi\u00e7o de manuten\u00e7\u00e3o; controlar o r\u00e1dio; agir em caso de ocorr\u00eancias; desenvolver projetos; receber e analisar o Boletim Di\u00e1rio [&hellip;]<\/p>\n","protected":false},"author":1,"featured_media":0,"comment_status":"open","ping_status":"open","sticky":false,"template":"","format":"standard","meta":{"footnotes":""},"categories":[21],"tags":[],"class_list":["post-1422","post","type-post","status-publish","format-standard","hentry","category-rio-de-janeiro-rj"],"_links":{"self":[{"href":"https:\/\/vagas.portalemprego.com.br\/index.php?rest_route=\/wp\/v2\/posts\/1422","targetHints":{"allow":["GET"]}}],"collection":[{"href":"https:\/\/vagas.portalemprego.com.br\/index.php?rest_route=\/wp\/v2\/posts"}],"about":[{"href":"https:\/\/vagas.portalemprego.com.br\/index.php?rest_route=\/wp\/v2\/types\/post"}],"author":[{"embeddable":true,"href":"https:\/\/vagas.portalemprego.com.br\/index.php?rest_route=\/wp\/v2\/users\/1"}],"replies":[{"embeddable":true,"href":"https:\/\/vagas.portalemprego.com.br\/index.php?rest_route=%2Fwp%2Fv2%2Fcomments&post=1422"}],"version-history":[{"count":0,"href":"https:\/\/vagas.portalemprego.com.br\/index.php?rest_route=\/wp\/v2\/posts\/1422\/revisions"}],"wp:attachment":[{"href":"https:\/\/vagas.portalemprego.com.br\/index.php?rest_route=%2Fwp%2Fv2%2Fmedia&parent=1422"}],"wp:term":[{"taxonomy":"category","embeddable":true,"href":"https:\/\/vagas.portalemprego.com.br\/index.php?rest_route=%2Fwp%2Fv2%2Fcategories&post=1422"},{"taxonomy":"post_tag","embeddable":true,"href":"https:\/\/vagas.portalemprego.com.br\/index.php?rest_route=%2Fwp%2Fv2%2Ftags&post=1422"}],"curies":[{"name":"wp","href":"https:\/\/api.w.org\/{rel}","templated":true}]}}