{"id":1423,"date":"2026-04-29T06:01:01","date_gmt":"2026-04-29T09:01:01","guid":{"rendered":"https:\/\/vagas.portalemprego.com.br\/?p=1423"},"modified":"2026-04-29T06:01:01","modified_gmt":"2026-04-29T09:01:01","slug":"tecnico-de-manutencao-mecanica-maritimo-ii-construcao-manutencao-campos-dos-goytacazes","status":"publish","type":"post","link":"https:\/\/vagas.portalemprego.com.br\/?p=1423","title":{"rendered":"T\u00e9cnico de Manuten\u00e7\u00e3o Mec\u00e2nica Mar\u00edtimo II &#8211; Constru\u00e7\u00e3o, Manuten\u00e7\u00e3o &#8211; Campos dos Goytacazes"},"content":{"rendered":"<p>Emitir relat\u00f3rios t\u00e9cnicos de servi\u00e7os realizados em motores e grupos geradores, conforme padr\u00f5es do fabricante<br \/>\nExecutar programas de melhoria de produto (Service Letter \/ Engine News), garantindo seguran\u00e7a e performance dos equipamentos<br \/>\nLiderar equipes t\u00e9cnicas em grandes reformas de motores e grupos geradores, assegurando o cumprimento do escopo<br \/>\nGarantir organiza\u00e7\u00e3o, limpeza e boas condi\u00e7\u00f5es do ambiente de trabalho, zelando pela imagem da empresa<br \/>\nExecu\u00e7\u00e3o de manuten\u00e7\u00f5es preventivas e corretivas\u00a0em motores diesel de m\u00e9dio e grande porte.<br \/>\nRealiza\u00e7\u00e3o de inspe\u00e7\u00f5es, diagn\u00f3sticos e testes operacionais.<br \/>\nPreenchimento de RDOs, checklists e registros t\u00e9cnicos da manuten\u00e7\u00e3o.<br \/>\nApoio na an\u00e1lise de falhas e implementa\u00e7\u00e3o de melhorias nos equipamentos.<\/p>\n<ul>\n<li>Local de trabalho: Campos dos Goytacazes, RJ<\/li>\n<li>Regime de contrata\u00e7\u00e3o de tipo: Efetivo \u2013 CLT<\/li>\n<li>Jornada: Per\u00edodo Integral<\/li>\n<li>\u00c1rea e especializa\u00e7\u00e3o profissional: Constru\u00e7\u00e3o, Manuten\u00e7\u00e3o &#8211; Manuten\u00e7\u00e3o Mec\u00e2nica<\/li>\n<li>N\u00edvel hier\u00e1rquico: Operacional<\/li>\n<\/ul>\n<p>HABILIDADES<\/p>\n<ul>\n<li>Experi\u00eancia com motores CAT<\/li>\n<\/ul>\n<p>Escolaridade M\u00ednima: Curso T\u00e9cnico<\/p>\n<p>Habilita\u00e7\u00e3o para dirigir: B<\/p>\n<p>Disponibilidade para viajar<\/p>\n<ul>\n<li>Vale transporte<\/li>\n<li>Day off no anivers\u00e1rio<\/li>\n<li>Participa\u00e7\u00e3o nos Lucros e Resultados<\/li>\n<li>Cart\u00e3o de Natal<\/li>\n<li>Aux\u00edlio funeral<\/li>\n<li>Gympass<\/li>\n<li>Plano de sa\u00fade<\/li>\n<li>Plano odontol\u00f3gico<\/li>\n<li>Aux\u00edlio farm\u00e1cia<\/li>\n<li>Programa de qualidade de vida<\/li>\n<li>Campanhas de sa\u00fade<\/li>\n<li>Previd\u00eancia privada<\/li>\n<\/ul>\n","protected":false},"excerpt":{"rendered":"<p>Emitir relat\u00f3rios t\u00e9cnicos de servi\u00e7os realizados em motores e grupos geradores, conforme padr\u00f5es do fabricante Executar programas de melhoria de produto (Service Letter \/ Engine News), garantindo seguran\u00e7a e performance dos equipamentos Liderar equipes t\u00e9cnicas em grandes reformas de motores e grupos geradores, assegurando o cumprimento do escopo Garantir organiza\u00e7\u00e3o, limpeza e boas condi\u00e7\u00f5es do [&hellip;]<\/p>\n","protected":false},"author":1,"featured_media":0,"comment_status":"open","ping_status":"open","sticky":false,"template":"","format":"standard","meta":{"footnotes":""},"categories":[21],"tags":[],"class_list":["post-1423","post","type-post","status-publish","format-standard","hentry","category-rio-de-janeiro-rj"],"_links":{"self":[{"href":"https:\/\/vagas.portalemprego.com.br\/index.php?rest_route=\/wp\/v2\/posts\/1423","targetHints":{"allow":["GET"]}}],"collection":[{"href":"https:\/\/vagas.portalemprego.com.br\/index.php?rest_route=\/wp\/v2\/posts"}],"about":[{"href":"https:\/\/vagas.portalemprego.com.br\/index.php?rest_route=\/wp\/v2\/types\/post"}],"author":[{"embeddable":true,"href":"https:\/\/vagas.portalemprego.com.br\/index.php?rest_route=\/wp\/v2\/users\/1"}],"replies":[{"embeddable":true,"href":"https:\/\/vagas.portalemprego.com.br\/index.php?rest_route=%2Fwp%2Fv2%2Fcomments&post=1423"}],"version-history":[{"count":0,"href":"https:\/\/vagas.portalemprego.com.br\/index.php?rest_route=\/wp\/v2\/posts\/1423\/revisions"}],"wp:attachment":[{"href":"https:\/\/vagas.portalemprego.com.br\/index.php?rest_route=%2Fwp%2Fv2%2Fmedia&parent=1423"}],"wp:term":[{"taxonomy":"category","embeddable":true,"href":"https:\/\/vagas.portalemprego.com.br\/index.php?rest_route=%2Fwp%2Fv2%2Fcategories&post=1423"},{"taxonomy":"post_tag","embeddable":true,"href":"https:\/\/vagas.portalemprego.com.br\/index.php?rest_route=%2Fwp%2Fv2%2Ftags&post=1423"}],"curies":[{"name":"wp","href":"https:\/\/api.w.org\/{rel}","templated":true}]}}