{"id":1424,"date":"2026-04-29T06:01:01","date_gmt":"2026-04-29T09:01:01","guid":{"rendered":"https:\/\/vagas.portalemprego.com.br\/?p=1424"},"modified":"2026-04-29T06:01:01","modified_gmt":"2026-04-29T09:01:01","slug":"analista-fiscal-senior-contabil-financas-economia-rio-de-janeiro","status":"publish","type":"post","link":"https:\/\/vagas.portalemprego.com.br\/?p=1424","title":{"rendered":"Analista Fiscal S\u00eanior &#8211; Cont\u00e1bil, Finan\u00e7as, Economia &#8211; Rio de Janeiro"},"content":{"rendered":"<p>Construa\u00a0sua\u00a0carreira\u00a0em\u00a0uma\u00a0empresa\u00a0global!<br \/>\nSe\u00a0voc\u00ea\u00a0busca\u00a0desafios,\u00a0aprendizado\u00a0constante\u00a0e\u00a0a\u00a0oportunidade\u00a0de\u00a0crescer\u00a0profissionalmente,\u00a0esta\u00a0vaga\u00a0pode\u00a0ser\u00a0o\u00a0pr\u00f3ximo\u00a0passo\u00a0da\u00a0sua\u00a0trajet\u00f3ria.<br \/>\n\u00a0<br \/>\nQuem\u00a0Somos<br \/>\nSomos\u00a0uma\u00a0organiza\u00e7\u00e3o\u00a0global,\u00a0reconhecida\u00a0por\u00a0nossa\u00a0atua\u00e7\u00e3o\u00a0em\u00a0auditoria,\u00a0consultoria\u00a0tribut\u00e1ria\u00a0e\u00a0consultoria\u00a0empresarial,\u00a0com\u00a0presen\u00e7a\u00a0em\u00a0mais\u00a0de\u00a0100\u00a0pa\u00edses\u00a0e\u00a0milhares\u00a0de\u00a0profissionais\u00a0ao\u00a0redor\u00a0do\u00a0mundo.<br \/>\nNosso\u00a0prop\u00f3sito\u00a0\u00e9\u00a0gerar\u00a0impacto\u00a0positivo\u00a0para\u00a0clientes,\u00a0pessoas\u00a0e\u00a0sociedade,\u00a0sempre\u00a0valorizando\u00a0a\u00a0colabora\u00e7\u00e3o,\u00a0a\u00a0inova\u00e7\u00e3o\u00a0e\u00a0o\u00a0desenvolvimento\u00a0cont\u00ednuo.\u00a0Aqui,\u00a0acreditamos\u00a0que\u00a0grandes\u00a0resultados\u00a0acontecem\u00a0em\u00a0equipe.<br \/>\n\u00a0<br \/>\nSua\u00a0Jornada\u00a0Conosco<br \/>\nAo\u00a0integrar\u00a0nosso\u00a0time,\u00a0voc\u00ea\u00a0ter\u00e1\u00a0a\u00a0oportunidade\u00a0de\u00a0atuar\u00a0em\u00a0projetos\u00a0estrat\u00e9gicos,\u00a0ao\u00a0lado\u00a0de\u00a0profissionais\u00a0experientes\u00a0e\u00a0em\u00a0contato\u00a0com\u00a0clientes\u00a0de\u00a0diferentes\u00a0segmentos.<br \/>\nInvestimos\u00a0no\u00a0crescimento\u00a0de\u00a0nossas\u00a0pessoas\u00a0por\u00a0meio\u00a0de\u00a0treinamentos,\u00a0programas\u00a0de\u00a0desenvolvimento,\u00a0acompanhamento\u00a0de\u00a0performance\u00a0e\u00a0oportunidades\u00a0reais\u00a0de\u00a0evolu\u00e7\u00e3o\u00a0de\u00a0carreira.\u00a0Tamb\u00e9m\u00a0promovemos\u00a0um\u00a0ambiente\u00a0acolhedor,\u00a0respeitoso\u00a0e\u00a0focado\u00a0no\u00a0bem-estar.<br \/>\n\u00a0<br \/>\nSobre\u00a0a\u00a0Oportunidade<br \/>\nNesta\u00a0posi\u00e7\u00e3o,\u00a0voc\u00ea\u00a0ter\u00e1\u00a0contato\u00a0com\u00a0diferentes\u00a0\u00e1reas\u00a0e\u00a0processos,\u00a0desenvolvendo\u00a0uma\u00a0vis\u00e3o\u00a0ampla\u00a0do\u00a0neg\u00f3cio\u00a0e\u00a0participando\u00a0de\u00a0atividades\u00a0relevantes\u00a0do\u00a0in\u00edcio\u00a0ao\u00a0fim.<br \/>\nSer\u00e1\u00a0uma\u00a0oportunidade\u00a0para\u00a0aprimorar\u00a0suas\u00a0compet\u00eancias,\u00a0ampliar\u00a0sua\u00a0experi\u00eancia\u00a0e\u00a0construir\u00a0uma\u00a0carreira\u00a0s\u00f3lida\u00a0em\u00a0um\u00a0ambiente\u00a0din\u00e2mico\u00a0e\u00a0colaborativo.<br \/>\nResponsabilidades\u00a0e\u00a0Atribui\u00e7\u00f5es<br \/>\nRevisar apura\u00e7\u00f5es complexas de PIS\/COFINS e IRPJ\/CSLL.<br \/>\nInterpretar legisla\u00e7\u00e3o tribut\u00e1ria e aplicar de forma pr\u00e1tica nas rotinas.<br \/>\nRevisar ECF, DCTF, EFD-Contribui\u00e7\u00f5es, PER\/DCOMP e obriga\u00e7\u00f5es correlatas.<br \/>\nAnalisar intima\u00e7\u00f5es fiscais e apoiar respostas via e-CAC.<br \/>\nRealizar cruzamentos profundos (cont\u00e1bil \u00d7 fiscal \u00d7 SPED).<br \/>\nValidar tratamentos tribut\u00e1rios especiais ou situa\u00e7\u00f5es n\u00e3o padronizadas.<br \/>\nRevisar exce\u00e7\u00f5es e orientar analistas quanto \u00e0s melhores pr\u00e1ticas.<br \/>\nConsolidar KPIs, causas-raiz e indicadores de qualidade fiscal.<br \/>\nSuportar auditorias internas\/externas e fiscaliza\u00e7\u00f5es federais.<br \/>\nTreinar e orientar o time em normas e procedimentos.<\/p>\n<ul>\n<li>Local de trabalho: Rio de Janeiro, RJ<\/li>\n<li>Regime de contrata\u00e7\u00e3o de tipo: Efetivo \u2013 CLT<\/li>\n<li>Jornada: Per\u00edodo Integral<\/li>\n<li>\u00c1rea e especializa\u00e7\u00e3o profissional: Cont\u00e1bil, Finan\u00e7as, Economia &#8211; Fiscal<\/li>\n<li>N\u00edvel hier\u00e1rquico: Analista<\/li>\n<\/ul>\n<p>VALORIZADO<\/p>\n<p>Tempo de experi\u00eancia: Entre 3 e 5 anos<\/p>\n<p>HABILIDADES<\/p>\n<ul>\n<li>Impostos Diretos<\/li>\n<li>Excel<\/li>\n<li>NetCorp;<\/li>\n<li>e-CAC<\/li>\n<li>Integra<\/li>\n<li>TOTVS<\/li>\n<li>SAP<\/li>\n<\/ul>\n<p>Escolaridade M\u00ednima: Ensino Superior<\/p>\n<p>Forma\u00e7\u00e3o desejada:<\/p>\n<ul>\n<li>Administra\u00e7\u00e3o de empresas, Ensino Superior<\/li>\n<li>Gest\u00e3o Financeira, Ensino Superior<\/li>\n<li>Ci\u00eancias cont\u00e1beis, Ensino Superior<\/li>\n<\/ul>\n<p>Idiomas:<\/p>\n<ul>\n<li>Ingl\u00eas (Avan\u00e7ado)<\/li>\n<\/ul>\n","protected":false},"excerpt":{"rendered":"<p>Construa\u00a0sua\u00a0carreira\u00a0em\u00a0uma\u00a0empresa\u00a0global! Se\u00a0voc\u00ea\u00a0busca\u00a0desafios,\u00a0aprendizado\u00a0constante\u00a0e\u00a0a\u00a0oportunidade\u00a0de\u00a0crescer\u00a0profissionalmente,\u00a0esta\u00a0vaga\u00a0pode\u00a0ser\u00a0o\u00a0pr\u00f3ximo\u00a0passo\u00a0da\u00a0sua\u00a0trajet\u00f3ria. \u00a0 Quem\u00a0Somos Somos\u00a0uma\u00a0organiza\u00e7\u00e3o\u00a0global,\u00a0reconhecida\u00a0por\u00a0nossa\u00a0atua\u00e7\u00e3o\u00a0em\u00a0auditoria,\u00a0consultoria\u00a0tribut\u00e1ria\u00a0e\u00a0consultoria\u00a0empresarial,\u00a0com\u00a0presen\u00e7a\u00a0em\u00a0mais\u00a0de\u00a0100\u00a0pa\u00edses\u00a0e\u00a0milhares\u00a0de\u00a0profissionais\u00a0ao\u00a0redor\u00a0do\u00a0mundo. Nosso\u00a0prop\u00f3sito\u00a0\u00e9\u00a0gerar\u00a0impacto\u00a0positivo\u00a0para\u00a0clientes,\u00a0pessoas\u00a0e\u00a0sociedade,\u00a0sempre\u00a0valorizando\u00a0a\u00a0colabora\u00e7\u00e3o,\u00a0a\u00a0inova\u00e7\u00e3o\u00a0e\u00a0o\u00a0desenvolvimento\u00a0cont\u00ednuo.\u00a0Aqui,\u00a0acreditamos\u00a0que\u00a0grandes\u00a0resultados\u00a0acontecem\u00a0em\u00a0equipe. \u00a0 Sua\u00a0Jornada\u00a0Conosco Ao\u00a0integrar\u00a0nosso\u00a0time,\u00a0voc\u00ea\u00a0ter\u00e1\u00a0a\u00a0oportunidade\u00a0de\u00a0atuar\u00a0em\u00a0projetos\u00a0estrat\u00e9gicos,\u00a0ao\u00a0lado\u00a0de\u00a0profissionais\u00a0experientes\u00a0e\u00a0em\u00a0contato\u00a0com\u00a0clientes\u00a0de\u00a0diferentes\u00a0segmentos. Investimos\u00a0no\u00a0crescimento\u00a0de\u00a0nossas\u00a0pessoas\u00a0por\u00a0meio\u00a0de\u00a0treinamentos,\u00a0programas\u00a0de\u00a0desenvolvimento,\u00a0acompanhamento\u00a0de\u00a0performance\u00a0e\u00a0oportunidades\u00a0reais\u00a0de\u00a0evolu\u00e7\u00e3o\u00a0de\u00a0carreira.\u00a0Tamb\u00e9m\u00a0promovemos\u00a0um\u00a0ambiente\u00a0acolhedor,\u00a0respeitoso\u00a0e\u00a0focado\u00a0no\u00a0bem-estar. \u00a0 Sobre\u00a0a\u00a0Oportunidade Nesta\u00a0posi\u00e7\u00e3o,\u00a0voc\u00ea\u00a0ter\u00e1\u00a0contato\u00a0com\u00a0diferentes\u00a0\u00e1reas\u00a0e\u00a0processos,\u00a0desenvolvendo\u00a0uma\u00a0vis\u00e3o\u00a0ampla\u00a0do\u00a0neg\u00f3cio\u00a0e\u00a0participando\u00a0de\u00a0atividades\u00a0relevantes\u00a0do\u00a0in\u00edcio\u00a0ao\u00a0fim. Ser\u00e1\u00a0uma\u00a0oportunidade\u00a0para\u00a0aprimorar\u00a0suas\u00a0compet\u00eancias,\u00a0ampliar\u00a0sua\u00a0experi\u00eancia\u00a0e\u00a0construir\u00a0uma\u00a0carreira\u00a0s\u00f3lida\u00a0em\u00a0um\u00a0ambiente\u00a0din\u00e2mico\u00a0e\u00a0colaborativo. Responsabilidades\u00a0e\u00a0Atribui\u00e7\u00f5es Revisar apura\u00e7\u00f5es complexas de PIS\/COFINS e IRPJ\/CSLL. Interpretar legisla\u00e7\u00e3o tribut\u00e1ria e aplicar de forma pr\u00e1tica nas rotinas. Revisar ECF, DCTF, EFD-Contribui\u00e7\u00f5es, PER\/DCOMP e obriga\u00e7\u00f5es correlatas. Analisar intima\u00e7\u00f5es fiscais e apoiar respostas via e-CAC. Realizar cruzamentos profundos (cont\u00e1bil \u00d7 fiscal \u00d7 [&hellip;]<\/p>\n","protected":false},"author":1,"featured_media":0,"comment_status":"open","ping_status":"open","sticky":false,"template":"","format":"standard","meta":{"footnotes":""},"categories":[21],"tags":[],"class_list":["post-1424","post","type-post","status-publish","format-standard","hentry","category-rio-de-janeiro-rj"],"_links":{"self":[{"href":"https:\/\/vagas.portalemprego.com.br\/index.php?rest_route=\/wp\/v2\/posts\/1424","targetHints":{"allow":["GET"]}}],"collection":[{"href":"https:\/\/vagas.portalemprego.com.br\/index.php?rest_route=\/wp\/v2\/posts"}],"about":[{"href":"https:\/\/vagas.portalemprego.com.br\/index.php?rest_route=\/wp\/v2\/types\/post"}],"author":[{"embeddable":true,"href":"https:\/\/vagas.portalemprego.com.br\/index.php?rest_route=\/wp\/v2\/users\/1"}],"replies":[{"embeddable":true,"href":"https:\/\/vagas.portalemprego.com.br\/index.php?rest_route=%2Fwp%2Fv2%2Fcomments&post=1424"}],"version-history":[{"count":0,"href":"https:\/\/vagas.portalemprego.com.br\/index.php?rest_route=\/wp\/v2\/posts\/1424\/revisions"}],"wp:attachment":[{"href":"https:\/\/vagas.portalemprego.com.br\/index.php?rest_route=%2Fwp%2Fv2%2Fmedia&parent=1424"}],"wp:term":[{"taxonomy":"category","embeddable":true,"href":"https:\/\/vagas.portalemprego.com.br\/index.php?rest_route=%2Fwp%2Fv2%2Fcategories&post=1424"},{"taxonomy":"post_tag","embeddable":true,"href":"https:\/\/vagas.portalemprego.com.br\/index.php?rest_route=%2Fwp%2Fv2%2Ftags&post=1424"}],"curies":[{"name":"wp","href":"https:\/\/api.w.org\/{rel}","templated":true}]}}