{"id":1425,"date":"2026-04-29T06:04:04","date_gmt":"2026-04-29T09:04:04","guid":{"rendered":"https:\/\/vagas.portalemprego.com.br\/?p=1425"},"modified":"2026-04-29T06:04:04","modified_gmt":"2026-04-29T09:04:04","slug":"tecnico-administracao-administracao-rio-de-janeiro","status":"publish","type":"post","link":"https:\/\/vagas.portalemprego.com.br\/?p=1425","title":{"rendered":"T\u00e9cnico Administra\u00e7\u00e3o &#8211; Administra\u00e7\u00e3o &#8211; Rio de Janeiro"},"content":{"rendered":"<p>Descri\u00e7\u00e3o das Responsabilidades:<br \/>\nControlar pagamentos, cobran\u00e7as, contas a receber e a pagar;<br \/>\nFiscalizar e controlar estoques;<br \/>\nManter registros de entrada e sa\u00edda de produtos e suprimentos;<br \/>\n Padronizar os processos e tarefas;<br \/>\nApoiar a gest\u00e3o de \u00e1rea processos;<br \/>\nAcompanhar a realiza\u00e7\u00e3o dos indicadores de desempenho ativo;<br \/>\nPreparar relat\u00f3rios, documentos e planilhas;<br \/>\nElaborar of\u00edcios, memorandos, atas de reuni\u00e3o e pareceres t\u00e9cnicos;<br \/>\nAjudar na elabora\u00e7\u00e3o de or\u00e7amentos e contratos .<\/p>\n<p>Requisitos e qualifica\u00e7\u00f5es:<br \/>\nEnsino M\u00e9dio completo;<br \/>\nEnsino T\u00e9cnico em Administra\u00e7\u00e3o;<br \/>\nRegistro ativo no \u00f3rg\u00e3o de classe;<br \/>\nConhecimento em Pacote Office ;<br \/>\nDom\u00ednio no sistema SAP.<\/p>\n<p>Benef\u00edcios:<br \/>\nOferecemos um pacote de benef\u00edcios atrativo, incluindo diversas vantagens que valorizam o bem-estar e a satisfa\u00e7\u00e3o dos nossos colaboradores.<\/p>\n<p>Todos os processos seletivos s\u00e3o inclusivos e consideram pessoas com ou sem defici\u00eancia, desde que qualificados para as vagas anunciadas.<\/p>\n<ul>\n<li>Local de trabalho: Rio de Janeiro, RJ<\/li>\n<li>Regime de contrata\u00e7\u00e3o de tipo: Efetivo \u2013 CLT<\/li>\n<li>Jornada: Per\u00edodo Integral<\/li>\n<li>\u00c1rea e especializa\u00e7\u00e3o profissional: Administra\u00e7\u00e3o &#8211; Administra\u00e7\u00e3o Geral<\/li>\n<li>N\u00edvel hier\u00e1rquico: Operacional<\/li>\n<\/ul>\n<p>HABILIDADES<\/p>\n<ul>\n<li>Rio de Janeiro\/ Centro<\/li>\n<li>Experi\u00eancia comprovada em CTPS<\/li>\n<li>Registro ativo no Conselho de Classe<\/li>\n<li>T\u00e9cnico em Administra\u00e7\u00e3o<\/li>\n<\/ul>\n<p>Escolaridade M\u00ednima: Curso T\u00e9cnico<\/p>\n<p>Forma\u00e7\u00e3o desejada:<\/p>\n<ul>\n<li>Administra\u00e7\u00e3o, Curso T\u00e9cnico<\/li>\n<\/ul>\n<ul>\n<li>Assist\u00eancia Odontol\u00f3gica<\/li>\n<li>Assist\u00eancia M\u00e9dica<\/li>\n<li>Cart\u00e3o Multibenef\u00edcios<\/li>\n<li>Seguro de Vida<\/li>\n<li>Wellhub<\/li>\n<li>Alimenta\u00e7\u00e3o<\/li>\n<li>Parcerias com institui\u00e7\u00f5es educacionais<\/li>\n<li>Vale transporte<\/li>\n<\/ul>\n","protected":false},"excerpt":{"rendered":"<p>Descri\u00e7\u00e3o das Responsabilidades: Controlar pagamentos, cobran\u00e7as, contas a receber e a pagar; Fiscalizar e controlar estoques; Manter registros de entrada e sa\u00edda de produtos e suprimentos; Padronizar os processos e tarefas; Apoiar a gest\u00e3o de \u00e1rea processos; Acompanhar a realiza\u00e7\u00e3o dos indicadores de desempenho ativo; Preparar relat\u00f3rios, documentos e planilhas; Elaborar of\u00edcios, memorandos, atas de [&hellip;]<\/p>\n","protected":false},"author":1,"featured_media":0,"comment_status":"open","ping_status":"open","sticky":false,"template":"","format":"standard","meta":{"footnotes":""},"categories":[21],"tags":[],"class_list":["post-1425","post","type-post","status-publish","format-standard","hentry","category-rio-de-janeiro-rj"],"_links":{"self":[{"href":"https:\/\/vagas.portalemprego.com.br\/index.php?rest_route=\/wp\/v2\/posts\/1425","targetHints":{"allow":["GET"]}}],"collection":[{"href":"https:\/\/vagas.portalemprego.com.br\/index.php?rest_route=\/wp\/v2\/posts"}],"about":[{"href":"https:\/\/vagas.portalemprego.com.br\/index.php?rest_route=\/wp\/v2\/types\/post"}],"author":[{"embeddable":true,"href":"https:\/\/vagas.portalemprego.com.br\/index.php?rest_route=\/wp\/v2\/users\/1"}],"replies":[{"embeddable":true,"href":"https:\/\/vagas.portalemprego.com.br\/index.php?rest_route=%2Fwp%2Fv2%2Fcomments&post=1425"}],"version-history":[{"count":0,"href":"https:\/\/vagas.portalemprego.com.br\/index.php?rest_route=\/wp\/v2\/posts\/1425\/revisions"}],"wp:attachment":[{"href":"https:\/\/vagas.portalemprego.com.br\/index.php?rest_route=%2Fwp%2Fv2%2Fmedia&parent=1425"}],"wp:term":[{"taxonomy":"category","embeddable":true,"href":"https:\/\/vagas.portalemprego.com.br\/index.php?rest_route=%2Fwp%2Fv2%2Fcategories&post=1425"},{"taxonomy":"post_tag","embeddable":true,"href":"https:\/\/vagas.portalemprego.com.br\/index.php?rest_route=%2Fwp%2Fv2%2Ftags&post=1425"}],"curies":[{"name":"wp","href":"https:\/\/api.w.org\/{rel}","templated":true}]}}