{"id":1428,"date":"2026-04-29T06:04:04","date_gmt":"2026-04-29T09:04:04","guid":{"rendered":"https:\/\/vagas.portalemprego.com.br\/?p=1428"},"modified":"2026-04-29T06:04:04","modified_gmt":"2026-04-29T09:04:04","slug":"estagiarioa-gastronomia-zona-sul-e-barra-alimentacao-gastronomia-rio-de-janeiro","status":"publish","type":"post","link":"https:\/\/vagas.portalemprego.com.br\/?p=1428","title":{"rendered":"ESTAGI\u00c1RIO(A) &#8211; GASTRONOMIA (Zona Sul e Barra) &#8211; Alimenta\u00e7\u00e3o \/ Gastronomia &#8211; Rio de Janeiro"},"content":{"rendered":"<p>AUXILIAR NA SELE\u00c7\u00c3O, HIGIENIZA\u00c7\u00c3O E CORTES DE FRUTAS, CARNES, QUEIJOS E FRIOS;<\/p>\n<p>APOIO NO PREPARO DE PRATOS, SALADAS E SOBREMESAS;<\/p>\n<p>AUXILIAR NA MONTAGEM DE PRATOS E MONTAGEM DE BUFFE<\/p>\n<p>Zona Sul &#8211; 07h \u00e0s 13h<br \/>\nBarra da Tijuca &#8211; 07h \u00e0s 13h<\/p>\n<ul>\n<li>N\u00famero de vagas: 6<\/li>\n<li>Local de trabalho: Rio de Janeiro, RJ<\/li>\n<li>Regime de contrata\u00e7\u00e3o de tipo: Est\u00e1gio<\/li>\n<li>Jornada: Per\u00edodo Integral<\/li>\n<li>\u00c1rea e especializa\u00e7\u00e3o profissional: Alimenta\u00e7\u00e3o \/ Gastronomia &#8211; Gastronomia<\/li>\n<li>N\u00edvel hier\u00e1rquico: Estagi\u00e1rio<\/li>\n<\/ul>\n<p>HABILIDADES<\/p>\n<ul>\n<li>Estar Cursando Gastronomia.<\/li>\n<\/ul>\n<p>Escolaridade M\u00ednima: Ensino Superior<\/p>\n<ul>\n<li>Refei\u00e7\u00e3o no local<\/li>\n<li>VALE-TRANSPORTE<\/li>\n<li>Bolsa Aux\u00edlio<\/li>\n<\/ul>\n<p>Sal\u00e1rio: 1300,0<\/p>\n","protected":false},"excerpt":{"rendered":"<p>AUXILIAR NA SELE\u00c7\u00c3O, HIGIENIZA\u00c7\u00c3O E CORTES DE FRUTAS, CARNES, QUEIJOS E FRIOS; APOIO NO PREPARO DE PRATOS, SALADAS E SOBREMESAS; AUXILIAR NA MONTAGEM DE PRATOS E MONTAGEM DE BUFFE Zona Sul &#8211; 07h \u00e0s 13h Barra da Tijuca &#8211; 07h \u00e0s 13h N\u00famero de vagas: 6 Local de trabalho: Rio de Janeiro, RJ Regime de [&hellip;]<\/p>\n","protected":false},"author":1,"featured_media":0,"comment_status":"open","ping_status":"open","sticky":false,"template":"","format":"standard","meta":{"footnotes":""},"categories":[21],"tags":[],"class_list":["post-1428","post","type-post","status-publish","format-standard","hentry","category-rio-de-janeiro-rj"],"_links":{"self":[{"href":"https:\/\/vagas.portalemprego.com.br\/index.php?rest_route=\/wp\/v2\/posts\/1428","targetHints":{"allow":["GET"]}}],"collection":[{"href":"https:\/\/vagas.portalemprego.com.br\/index.php?rest_route=\/wp\/v2\/posts"}],"about":[{"href":"https:\/\/vagas.portalemprego.com.br\/index.php?rest_route=\/wp\/v2\/types\/post"}],"author":[{"embeddable":true,"href":"https:\/\/vagas.portalemprego.com.br\/index.php?rest_route=\/wp\/v2\/users\/1"}],"replies":[{"embeddable":true,"href":"https:\/\/vagas.portalemprego.com.br\/index.php?rest_route=%2Fwp%2Fv2%2Fcomments&post=1428"}],"version-history":[{"count":0,"href":"https:\/\/vagas.portalemprego.com.br\/index.php?rest_route=\/wp\/v2\/posts\/1428\/revisions"}],"wp:attachment":[{"href":"https:\/\/vagas.portalemprego.com.br\/index.php?rest_route=%2Fwp%2Fv2%2Fmedia&parent=1428"}],"wp:term":[{"taxonomy":"category","embeddable":true,"href":"https:\/\/vagas.portalemprego.com.br\/index.php?rest_route=%2Fwp%2Fv2%2Fcategories&post=1428"},{"taxonomy":"post_tag","embeddable":true,"href":"https:\/\/vagas.portalemprego.com.br\/index.php?rest_route=%2Fwp%2Fv2%2Ftags&post=1428"}],"curies":[{"name":"wp","href":"https:\/\/api.w.org\/{rel}","templated":true}]}}