{"id":1429,"date":"2026-04-29T06:04:04","date_gmt":"2026-04-29T09:04:04","guid":{"rendered":"https:\/\/vagas.portalemprego.com.br\/?p=1429"},"modified":"2026-04-29T06:04:04","modified_gmt":"2026-04-29T09:04:04","slug":"tecnico-de-radiologia-saude-rio-de-janeiro","status":"publish","type":"post","link":"https:\/\/vagas.portalemprego.com.br\/?p=1429","title":{"rendered":"T\u00e9cnico de Radiologia &#8211; Sa\u00fade &#8211; Rio de Janeiro"},"content":{"rendered":"<p>Sobre\u00a0a\u00a0posi\u00e7\u00e3o:<br \/>\nRealizar\u00a0os\u00a0exames\u00a0de\u00a0Tomografia,\u00a0Resson\u00e2ncia\u00a0Magn\u00e9tica;\u00a0Raios\u00a0x;\u00a0Mamografia,\u00a0Densitometria\u00a0\u00d3ssea.\u00a0Realizar\u00a0exames\u00a0para\u00a0auxiliar\u00a0no\u00a0diagn\u00f3stico\u00a0de\u00a0doen\u00e7as,\u00a0aplicar\u00a0os\u00a0princ\u00edpios\u00a0de\u00a0prote\u00e7\u00e3o\u00a0radiol\u00f3gica,\u00a0processar\u00a0imagens,\u00a0orientar;\u00a0preparar\u00a0e\u00a0posicionar\u00a0o\u00a0paciente\u00a0para\u00a0o\u00a0procedimento;\u00a0Gerir\u00a0o\u00a0ambiente\u00a0de\u00a0trabalho,\u00a0exigindo\u00a0conhecimentos\u00a0em\u00a0anatomia,\u00a0f\u00edsica\u00a0das\u00a0radia\u00e7\u00f5es\u00a0e\u00a0habilidades\u00a0interpessoais.<br \/>\nRequisitos:<br \/>\nForma\u00e7\u00e3o\u00a0completa\u00a0de\u00a0t\u00e9cnico\u00a0ou\u00a0tecn\u00f3logo\u00a0em\u00a0radiologia\u00a0com\u00a0CRTR\u00a0ativo;<br \/>\nConhecimento nos setores de resson\u00e2ncia e tomografia<br \/>\nTipo\u00a0de\u00a0vaga:\u00a0Efetivo\u00a0CLT<br \/>\nInforma\u00e7\u00f5es\u00a0adicionais<\/p>\n<p>\u00c9\u00a0cuidando\u00a0da\u00a0nossa\u00a0gente\u00a0que\u00a0vamos\u00a0ser\u00a0a\u00a0sa\u00fade\u00a0que\u00a0as\u00a0pessoas\u00a0desejam\u00a0e\u00a0que\u00a0o\u00a0mundo\u00a0precisa,\u00a0confira\u00a0os\u00a0nossos\u00a0benef\u00edcios:<br \/>\nCuidados\u00a0com\u00a0a\u00a0alimenta\u00e7\u00e3o:\u00a0Vale\u00a0Refei\u00e7\u00e3o\/Vale\u00a0Alimenta\u00e7\u00e3o\u00a0ou\u00a0Refeit\u00f3rio\u00a0no\u00a0local\u00a0de\u00a0trabalho\u00a0(de\u00a0acordo\u00a0com\u00a0a\u00a0localidade);<br \/>\nCuidados\u00a0com\u00a0a\u00a0sa\u00fade:\u00a0Plano\u00a0de\u00a0Sa\u00fade\u00a0e\u00a0Seguro\u00a0de\u00a0Vida;<br \/>\nCuidados\u00a0com\u00a0o\u00a0seu\u00a0desenvolvimento:\u00a0Universidade\u00a0Dasa,\u00a0Ciclo\u00a0de\u00a0Desenvolvimento\u00a0e\u00a0Carreira,\u00a0Academias\u00a0de\u00a0Tecnologia\/PMAX\u00a0e\u00a0Programa\u00a0Crescer\u00a0dentro\u00a0da\u00a0Dasa;<br \/>\nOutros:\u00a0Vale\u00a0Transporte\u00a0<br \/>\n??\u00a0S\u00f3\u00a0a\u00a0Dasa\u00a0tem\u00a0\u2013\u00a0Programa\u00a0de\u00a0Sa\u00fade\u00a0,\u00a0pautado\u00a0em\u00a05\u00a0pilares:<br \/>\nEspiritual:\u00a0yoga,\u00a0medita\u00e7\u00e3o\u00a0e\u00a0mindfulness;<br \/>\nF\u00edsico:\u00a0Totalpass,\u00a0cl\u00ednica\u00a0de\u00a0aten\u00e7\u00e3o\u00a0prim\u00e1ria,\u00a0descontos\u00a0em\u00a0exames\u00a0e\u00a0vacinas;<br \/>\nIntelectual:\u00a0Universidade\u00a0Dasa;<br \/>\nRelacional:\u00a0Clube\u00a0de\u00a0vantagens\u00a0UAU\u00a0e\u00a0benef\u00edcios\u00a0SESC;<br \/>\nEmocional:\u00a0Telepsicologia.<br \/>\n*Os\u00a0benef\u00edcios\u00a0podem\u00a0sofrer\u00a0altera\u00e7\u00e3o\u00a0de\u00a0acordo\u00a0com\u00a0a\u00a0regi\u00e3o\u00a0da\u00a0vaga\u00a0e\u00a0da\u00a0marca.<br \/>\n??\u00a0Importante:\u00a0Voc\u00ea\u00a0est\u00e1\u00a0se\u00a0candidatando\u00a0para\u00a0o\u00a0nosso\u00a0banco\u00a0de\u00a0talentos\u00a0para\u00a0vagas\u00a0em\u00a0todo\u00a0o\u00a0Brasil,\u00a0nas\u00a0localidades\u00a0em\u00a0que\u00a0a\u00a0Dasa\u00a0possui\u00a0opera\u00e7\u00f5es\u00a0(regi\u00f5es\u00a0Nordeste,\u00a0Centro\u00a0Oeste,\u00a0Sudeste\u00a0e\u00a0Sul\u00a0do\u00a0Brasil),\u00a0portanto,\u00a0ressaltamos\u00a0que\u00a0assim\u00a0que\u00a0surgir\u00a0uma\u00a0vaga\u00a0que\u00a0melhor\u00a0se\u00a0adeque\u00a0ao\u00a0seu\u00a0perfil,\u00a0entraremos\u00a0em\u00a0contato\u00a0com\u00a0voc\u00ea.\u00a0Enquanto\u00a0isso,\u00a0mantenha\u00a0as\u00a0suas\u00a0informa\u00e7\u00f5es\u00a0atualizadas\u00a0e\u00a0cumpra\u00a0todas\u00a0as\u00a0etapas\u00a0de\u00a0testes\u00a0online,\u00a0assim,\u00a0podemos\u00a0conhecer\u00a0mais\u00a0sobre\u00a0voc\u00ea.<br \/>\nFa\u00e7a\u00a0parte\u00a0do\u00a0futuro\u00a0da\u00a0sa\u00fade\u00a0??<br \/>\nSomos\u00a0a\u00a0Dasa.\u00a0Cuidamos\u00a0das\u00a0pessoas\u00a0ao\u00a0longo\u00a0de\u00a0toda\u00a0a\u00a0vida,\u00a0de\u00a0maneira\u00a0integral\u00a0e\u00a0sustent\u00e1vel\u00a0\u2013\u00a0dentro\u00a0e\u00a0fora\u00a0da\u00a0companhia.\u00a0Contamos\u00a0com\u00a0mais\u00a0de\u00a050\u00a0mil\u00a0colaboradores(as)\u00a0que\u00a0cuidam\u00a0e\u00a0fazem\u00a0parte\u00a0da\u00a0vida\u00a0de\u00a0mais\u00a0de\u00a020\u00a0milh\u00f5es\u00a0de\u00a0brasileiros(as)\u00a0por\u00a0ano.<br \/>\nNo\u00a0time\u00a0assistencial,\u00a0voc\u00ea\u00a0encontra\u00a0um\u00a0ambiente\u00a0\u00e1gil\u00a0com\u00a0pessoas\u00a0que\u00a0cuidam,\u00a0acolhem\u00a0os(as)\u00a0pacientes\u00a0e\u00a0transformam\u00a0o\u00a0jeito\u00a0de\u00a0fazer\u00a0sa\u00fade.\u00a0S\u00e3o\u00a0mais\u00a0de\u00a015\u00a0hospitais\u00a0refer\u00eancias\u00a0e\u00a0mais\u00a0de\u00a059\u00a0marcas\u00a0entre\u00a0medicina\u00a0diagn\u00f3stica\u00a0e\u00a0hospitais,\u00a0distribu\u00eddas\u00a0em\u00a0mais\u00a0de\u00a0900\u00a0unidades\u00a0no\u00a0Brasil.<br \/>\nNosso\u00a0prop\u00f3sito\u00a0\u00e9\u00a0ser\u00a0a\u00a0sa\u00fade\u00a0que\u00a0as\u00a0pessoas\u00a0desejam\u00a0e\u00a0que\u00a0o\u00a0mundo\u00a0precisa.<br \/>\nPara\u00a0cumprir\u00a0esse\u00a0prop\u00f3sito,\u00a0precisamos\u00a0de\u00a0pessoas\u00a0que\u00a0contribuam\u00a0com\u00a0ideias\u00a0e\u00a0conhecimentos,\u00a0e\u00a0que\u00a0juntas\u00a0possam\u00a0transformar\u00a0o\u00a0presente\u00a0e\u00a0o\u00a0futuro\u00a0da\u00a0sa\u00fade.<br \/>\nPara\u00a0n\u00f3s,\u00a0diversidade\u00a0importa!<br \/>\nReconhecemos\u00a0que\u00a0a\u00a0diversidade\u00a0amplia\u00a0a\u00a0inova\u00e7\u00e3o\u00a0nos\u00a0ambientes,\u00a0mas\u00a0acima\u00a0de\u00a0tudo,\u00a0temos\u00a0a\u00a0certeza\u00a0de\u00a0que\u00a0somos\u00a0parte\u00a0da\u00a0transforma\u00e7\u00e3o.\u00a0Promovemos\u00a0dignidade\u00a0e\u00a0respeito\u00a0a\u00a0todas\u00a0as\u00a0pessoas,\u00a0para\u00a0que\u00a0se\u00a0sintam\u00a0seguras\u00a0em\u00a0ser\u00a0quem\u00a0s\u00e3o.<br \/>\nNossas\u00a0oportunidades\u00a0s\u00e3o\u00a0para\u00a0todas\u00a0as\u00a0pessoas\u00a0que\u00a0acreditam\u00a0na\u00a0transforma\u00e7\u00e3o\u00a0do\u00a0futuro\u00a0da\u00a0sa\u00fade.\u00a0Incentivamos\u00a0a\u00a0candidatura\u00a0de\u00a0todos\u00a0que\u00a0reconhecem\u00a0a\u00a0import\u00e2ncia\u00a0da\u00a0constru\u00e7\u00e3o\u00a0de\u00a0um\u00a0ambiente\u00a0livre\u00a0de\u00a0preconceitos,\u00a0ass\u00e9dio\u00a0e\u00a0discrimina\u00e7\u00e3o\u00a0fa\u00e7a\u00a0parte\u00a0da\u00a0transforma\u00e7\u00e3o\u00a0e\u00a0#VemSerDasa.\u00a0Juntos\u00a0entregamos\u00a0o\u00a0nosso\u00a0melhor\u00a0sempre.<br \/>\nSer\u00a0Dasa\u00a0\u00e9\u00a0ser\u00a0a\u00a0pessoa\u00a0que\u00a0transforma\u00a0o\u00a0futuro\u00a0da\u00a0sa\u00fade!\u00a0??<br \/>\n??\u00a0Para\u00a0ter\u00a0acesso\u00a0a\u00a0mais\u00a0oportunidades\u00a0acesse:\u00a0dasa.com.br\/carreira<br \/>\n#VemPraDasa\u00a0#DasaLovers\u00a0#VemSerDasa<br \/>\n??Importante:\u00a0n\u00e3o\u00a0efetuamos\u00a0cobran\u00e7as\u00a0de\u00a0taxas\u00a0em\u00a0nossos\u00a0processos\u00a0seletivos.<\/p>\n<ul>\n<li>Local de trabalho: Rio de Janeiro, RJ<\/li>\n<li>Regime de contrata\u00e7\u00e3o de tipo: Efetivo \u2013 CLT<\/li>\n<li>Jornada: Per\u00edodo Integral<\/li>\n<li>\u00c1rea e especializa\u00e7\u00e3o profissional: Sa\u00fade &#8211; Radiologia<\/li>\n<li>N\u00edvel hier\u00e1rquico: Assistente<\/li>\n<\/ul>\n<p>Escolaridade M\u00ednima: Curso T\u00e9cnico<\/p>\n","protected":false},"excerpt":{"rendered":"<p>Sobre\u00a0a\u00a0posi\u00e7\u00e3o: Realizar\u00a0os\u00a0exames\u00a0de\u00a0Tomografia,\u00a0Resson\u00e2ncia\u00a0Magn\u00e9tica;\u00a0Raios\u00a0x;\u00a0Mamografia,\u00a0Densitometria\u00a0\u00d3ssea.\u00a0Realizar\u00a0exames\u00a0para\u00a0auxiliar\u00a0no\u00a0diagn\u00f3stico\u00a0de\u00a0doen\u00e7as,\u00a0aplicar\u00a0os\u00a0princ\u00edpios\u00a0de\u00a0prote\u00e7\u00e3o\u00a0radiol\u00f3gica,\u00a0processar\u00a0imagens,\u00a0orientar;\u00a0preparar\u00a0e\u00a0posicionar\u00a0o\u00a0paciente\u00a0para\u00a0o\u00a0procedimento;\u00a0Gerir\u00a0o\u00a0ambiente\u00a0de\u00a0trabalho,\u00a0exigindo\u00a0conhecimentos\u00a0em\u00a0anatomia,\u00a0f\u00edsica\u00a0das\u00a0radia\u00e7\u00f5es\u00a0e\u00a0habilidades\u00a0interpessoais. Requisitos: Forma\u00e7\u00e3o\u00a0completa\u00a0de\u00a0t\u00e9cnico\u00a0ou\u00a0tecn\u00f3logo\u00a0em\u00a0radiologia\u00a0com\u00a0CRTR\u00a0ativo; Conhecimento nos setores de resson\u00e2ncia e tomografia Tipo\u00a0de\u00a0vaga:\u00a0Efetivo\u00a0CLT Informa\u00e7\u00f5es\u00a0adicionais \u00c9\u00a0cuidando\u00a0da\u00a0nossa\u00a0gente\u00a0que\u00a0vamos\u00a0ser\u00a0a\u00a0sa\u00fade\u00a0que\u00a0as\u00a0pessoas\u00a0desejam\u00a0e\u00a0que\u00a0o\u00a0mundo\u00a0precisa,\u00a0confira\u00a0os\u00a0nossos\u00a0benef\u00edcios: Cuidados\u00a0com\u00a0a\u00a0alimenta\u00e7\u00e3o:\u00a0Vale\u00a0Refei\u00e7\u00e3o\/Vale\u00a0Alimenta\u00e7\u00e3o\u00a0ou\u00a0Refeit\u00f3rio\u00a0no\u00a0local\u00a0de\u00a0trabalho\u00a0(de\u00a0acordo\u00a0com\u00a0a\u00a0localidade); Cuidados\u00a0com\u00a0a\u00a0sa\u00fade:\u00a0Plano\u00a0de\u00a0Sa\u00fade\u00a0e\u00a0Seguro\u00a0de\u00a0Vida; Cuidados\u00a0com\u00a0o\u00a0seu\u00a0desenvolvimento:\u00a0Universidade\u00a0Dasa,\u00a0Ciclo\u00a0de\u00a0Desenvolvimento\u00a0e\u00a0Carreira,\u00a0Academias\u00a0de\u00a0Tecnologia\/PMAX\u00a0e\u00a0Programa\u00a0Crescer\u00a0dentro\u00a0da\u00a0Dasa; Outros:\u00a0Vale\u00a0Transporte\u00a0 ??\u00a0S\u00f3\u00a0a\u00a0Dasa\u00a0tem\u00a0\u2013\u00a0Programa\u00a0de\u00a0Sa\u00fade\u00a0,\u00a0pautado\u00a0em\u00a05\u00a0pilares: Espiritual:\u00a0yoga,\u00a0medita\u00e7\u00e3o\u00a0e\u00a0mindfulness; F\u00edsico:\u00a0Totalpass,\u00a0cl\u00ednica\u00a0de\u00a0aten\u00e7\u00e3o\u00a0prim\u00e1ria,\u00a0descontos\u00a0em\u00a0exames\u00a0e\u00a0vacinas; Intelectual:\u00a0Universidade\u00a0Dasa; Relacional:\u00a0Clube\u00a0de\u00a0vantagens\u00a0UAU\u00a0e\u00a0benef\u00edcios\u00a0SESC; Emocional:\u00a0Telepsicologia. *Os\u00a0benef\u00edcios\u00a0podem\u00a0sofrer\u00a0altera\u00e7\u00e3o\u00a0de\u00a0acordo\u00a0com\u00a0a\u00a0regi\u00e3o\u00a0da\u00a0vaga\u00a0e\u00a0da\u00a0marca. ??\u00a0Importante:\u00a0Voc\u00ea\u00a0est\u00e1\u00a0se\u00a0candidatando\u00a0para\u00a0o\u00a0nosso\u00a0banco\u00a0de\u00a0talentos\u00a0para\u00a0vagas\u00a0em\u00a0todo\u00a0o\u00a0Brasil,\u00a0nas\u00a0localidades\u00a0em\u00a0que\u00a0a\u00a0Dasa\u00a0possui\u00a0opera\u00e7\u00f5es\u00a0(regi\u00f5es\u00a0Nordeste,\u00a0Centro\u00a0Oeste,\u00a0Sudeste\u00a0e\u00a0Sul\u00a0do\u00a0Brasil),\u00a0portanto,\u00a0ressaltamos\u00a0que\u00a0assim\u00a0que\u00a0surgir\u00a0uma\u00a0vaga\u00a0que\u00a0melhor\u00a0se\u00a0adeque\u00a0ao\u00a0seu\u00a0perfil,\u00a0entraremos\u00a0em\u00a0contato\u00a0com\u00a0voc\u00ea.\u00a0Enquanto\u00a0isso,\u00a0mantenha\u00a0as\u00a0suas\u00a0informa\u00e7\u00f5es\u00a0atualizadas\u00a0e\u00a0cumpra\u00a0todas\u00a0as\u00a0etapas\u00a0de\u00a0testes\u00a0online,\u00a0assim,\u00a0podemos\u00a0conhecer\u00a0mais\u00a0sobre\u00a0voc\u00ea. Fa\u00e7a\u00a0parte\u00a0do\u00a0futuro\u00a0da\u00a0sa\u00fade\u00a0?? Somos\u00a0a\u00a0Dasa.\u00a0Cuidamos\u00a0das\u00a0pessoas\u00a0ao\u00a0longo\u00a0de\u00a0toda\u00a0a\u00a0vida,\u00a0de\u00a0maneira\u00a0integral\u00a0e\u00a0sustent\u00e1vel\u00a0\u2013\u00a0dentro\u00a0e\u00a0fora\u00a0da\u00a0companhia.\u00a0Contamos\u00a0com\u00a0mais\u00a0de\u00a050\u00a0mil\u00a0colaboradores(as)\u00a0que\u00a0cuidam\u00a0e\u00a0fazem\u00a0parte\u00a0da\u00a0vida\u00a0de\u00a0mais\u00a0de\u00a020\u00a0milh\u00f5es\u00a0de\u00a0brasileiros(as)\u00a0por\u00a0ano. No\u00a0time\u00a0assistencial,\u00a0voc\u00ea\u00a0encontra\u00a0um\u00a0ambiente\u00a0\u00e1gil\u00a0com\u00a0pessoas\u00a0que\u00a0cuidam,\u00a0acolhem\u00a0os(as)\u00a0pacientes\u00a0e\u00a0transformam\u00a0o\u00a0jeito\u00a0de\u00a0fazer\u00a0sa\u00fade.\u00a0S\u00e3o\u00a0mais\u00a0de\u00a015\u00a0hospitais\u00a0refer\u00eancias\u00a0e\u00a0mais\u00a0de\u00a059\u00a0marcas\u00a0entre\u00a0medicina\u00a0diagn\u00f3stica\u00a0e\u00a0hospitais,\u00a0distribu\u00eddas\u00a0em\u00a0mais\u00a0de\u00a0900\u00a0unidades\u00a0no\u00a0Brasil. Nosso\u00a0prop\u00f3sito\u00a0\u00e9\u00a0ser\u00a0a\u00a0sa\u00fade\u00a0que\u00a0as\u00a0pessoas\u00a0desejam\u00a0e\u00a0que\u00a0o\u00a0mundo\u00a0precisa. Para\u00a0cumprir\u00a0esse\u00a0prop\u00f3sito,\u00a0precisamos\u00a0de\u00a0pessoas\u00a0que\u00a0contribuam\u00a0com\u00a0ideias\u00a0e\u00a0conhecimentos,\u00a0e\u00a0que\u00a0juntas\u00a0possam\u00a0transformar\u00a0o\u00a0presente\u00a0e\u00a0o\u00a0futuro\u00a0da\u00a0sa\u00fade. Para\u00a0n\u00f3s,\u00a0diversidade\u00a0importa! Reconhecemos\u00a0que\u00a0a\u00a0diversidade\u00a0amplia\u00a0a\u00a0inova\u00e7\u00e3o\u00a0nos\u00a0ambientes,\u00a0mas\u00a0acima\u00a0de\u00a0tudo,\u00a0temos\u00a0a\u00a0certeza\u00a0de\u00a0que\u00a0somos\u00a0parte\u00a0da\u00a0transforma\u00e7\u00e3o.\u00a0Promovemos\u00a0dignidade\u00a0e\u00a0respeito\u00a0a\u00a0todas\u00a0as\u00a0pessoas,\u00a0para\u00a0que\u00a0se\u00a0sintam\u00a0seguras\u00a0em\u00a0ser\u00a0quem\u00a0s\u00e3o. Nossas\u00a0oportunidades\u00a0s\u00e3o\u00a0para\u00a0todas\u00a0as\u00a0pessoas\u00a0que\u00a0acreditam\u00a0na\u00a0transforma\u00e7\u00e3o\u00a0do\u00a0futuro\u00a0da\u00a0sa\u00fade.\u00a0Incentivamos\u00a0a\u00a0candidatura\u00a0de\u00a0todos\u00a0que\u00a0reconhecem\u00a0a\u00a0import\u00e2ncia\u00a0da\u00a0constru\u00e7\u00e3o\u00a0de\u00a0um\u00a0ambiente\u00a0livre\u00a0de\u00a0preconceitos,\u00a0ass\u00e9dio\u00a0e\u00a0discrimina\u00e7\u00e3o\u00a0fa\u00e7a\u00a0parte\u00a0da\u00a0transforma\u00e7\u00e3o\u00a0e\u00a0#VemSerDasa.\u00a0Juntos\u00a0entregamos\u00a0o\u00a0nosso\u00a0melhor\u00a0sempre. Ser\u00a0Dasa\u00a0\u00e9\u00a0ser\u00a0a\u00a0pessoa\u00a0que\u00a0transforma\u00a0o\u00a0futuro\u00a0da\u00a0sa\u00fade!\u00a0?? ??\u00a0Para\u00a0ter\u00a0acesso\u00a0a\u00a0mais\u00a0oportunidades\u00a0acesse:\u00a0dasa.com.br\/carreira #VemPraDasa\u00a0#DasaLovers\u00a0#VemSerDasa ??Importante:\u00a0n\u00e3o\u00a0efetuamos\u00a0cobran\u00e7as\u00a0de\u00a0taxas\u00a0em\u00a0nossos\u00a0processos\u00a0seletivos. Local de trabalho: Rio de Janeiro, RJ Regime de contrata\u00e7\u00e3o de tipo: Efetivo \u2013 CLT Jornada: Per\u00edodo [&hellip;]<\/p>\n","protected":false},"author":1,"featured_media":0,"comment_status":"open","ping_status":"open","sticky":false,"template":"","format":"standard","meta":{"footnotes":""},"categories":[21],"tags":[],"class_list":["post-1429","post","type-post","status-publish","format-standard","hentry","category-rio-de-janeiro-rj"],"_links":{"self":[{"href":"https:\/\/vagas.portalemprego.com.br\/index.php?rest_route=\/wp\/v2\/posts\/1429","targetHints":{"allow":["GET"]}}],"collection":[{"href":"https:\/\/vagas.portalemprego.com.br\/index.php?rest_route=\/wp\/v2\/posts"}],"about":[{"href":"https:\/\/vagas.portalemprego.com.br\/index.php?rest_route=\/wp\/v2\/types\/post"}],"author":[{"embeddable":true,"href":"https:\/\/vagas.portalemprego.com.br\/index.php?rest_route=\/wp\/v2\/users\/1"}],"replies":[{"embeddable":true,"href":"https:\/\/vagas.portalemprego.com.br\/index.php?rest_route=%2Fwp%2Fv2%2Fcomments&post=1429"}],"version-history":[{"count":0,"href":"https:\/\/vagas.portalemprego.com.br\/index.php?rest_route=\/wp\/v2\/posts\/1429\/revisions"}],"wp:attachment":[{"href":"https:\/\/vagas.portalemprego.com.br\/index.php?rest_route=%2Fwp%2Fv2%2Fmedia&parent=1429"}],"wp:term":[{"taxonomy":"category","embeddable":true,"href":"https:\/\/vagas.portalemprego.com.br\/index.php?rest_route=%2Fwp%2Fv2%2Fcategories&post=1429"},{"taxonomy":"post_tag","embeddable":true,"href":"https:\/\/vagas.portalemprego.com.br\/index.php?rest_route=%2Fwp%2Fv2%2Ftags&post=1429"}],"curies":[{"name":"wp","href":"https:\/\/api.w.org\/{rel}","templated":true}]}}