{"id":1430,"date":"2026-04-29T06:04:04","date_gmt":"2026-04-29T09:04:04","guid":{"rendered":"https:\/\/vagas.portalemprego.com.br\/?p=1430"},"modified":"2026-04-29T06:04:04","modified_gmt":"2026-04-29T09:04:04","slug":"porteiro-seguranca-itaborai","status":"publish","type":"post","link":"https:\/\/vagas.portalemprego.com.br\/?p=1430","title":{"rendered":"Porteiro &#8211; Seguran\u00e7a &#8211; Itabora\u00ed"},"content":{"rendered":"<p>Oportunidade: A TOP SERVICE SERVICOS E SISTEMAS S\/A est\u00e1 abrindo uma vaga para o cargo de Porteiro. Trabalhar conosco proporciona um ambiente de trabalho colaborativo e gratificante.<br \/>\nFun\u00e7\u00f5es:<br \/>\nGerenciar a entrada e sa\u00edda de pessoas e ve\u00edculos;<br \/>\nAcompanhar a seguran\u00e7a do pr\u00e9dio;<br \/>\nCoordenar a manuten\u00e7\u00e3o de \u00e1reas comuns;<br \/>\nRealizar rondas regulares e relatar quaisquer incidentes;<br \/>\nAuxiliar na organiza\u00e7\u00e3o de eventos e visitas;<\/p>\n<p>Requisitos:<br \/>\nExperi\u00eancia em vigil\u00e2ncia ou fun\u00e7\u00f5es similares;<br \/>\nConhecimento em procedimentos de seguran\u00e7a;<br \/>\nCapacidade de trabalhar em turnos;<br \/>\nAtitude proativa e aten\u00e7\u00e3o aos detalhes;<\/p>\n<p>Benef\u00edcios:<br \/>\nOferecemos um sal\u00e1rio competitivo;<br \/>\nVoc\u00ea ter\u00e1 acesso a benef\u00edcios adicionais;<br \/>\nAmbiente de trabalho seguro e colaborativo;<\/p>\n<p>A vaga \u00e9 presencial e localizada na sede da empresa. Interessados devem enviar curr\u00edculos para an\u00e1lise.<\/p>\n<ul>\n<li>Local de trabalho: Itabora\u00ed, RJ<\/li>\n<li>Regime de contrata\u00e7\u00e3o de tipo: Efetivo \u2013 CLT<\/li>\n<li>Jornada: Per\u00edodo Integral<\/li>\n<li>\u00c1rea e especializa\u00e7\u00e3o profissional: Seguran\u00e7a &#8211; Portaria Industrial, Comercial, Resid\u00eancial<\/li>\n<li>N\u00edvel hier\u00e1rquico: Operacional<\/li>\n<\/ul>\n<p>VALORIZADO<\/p>\n<p>Tempo de experi\u00eancia: Sem experi\u00eancia<\/p>\n<p>HABILIDADES<\/p>\n<ul>\n<li>Seguran\u00e7a<\/li>\n<li>Sistemas de seguran\u00e7a<\/li>\n<li>Controle de acesso<\/li>\n<li>Gest\u00e3o do ambiente de trabalho<\/li>\n<\/ul>\n<p>Escolaridade M\u00ednima: Ensino M\u00e9dio (2\u00ba Grau)<\/p>\n<p>Sal\u00e1rio: 1917,72<\/p>\n","protected":false},"excerpt":{"rendered":"<p>Oportunidade: A TOP SERVICE SERVICOS E SISTEMAS S\/A est\u00e1 abrindo uma vaga para o cargo de Porteiro. Trabalhar conosco proporciona um ambiente de trabalho colaborativo e gratificante. Fun\u00e7\u00f5es: Gerenciar a entrada e sa\u00edda de pessoas e ve\u00edculos; Acompanhar a seguran\u00e7a do pr\u00e9dio; Coordenar a manuten\u00e7\u00e3o de \u00e1reas comuns; Realizar rondas regulares e relatar quaisquer incidentes; [&hellip;]<\/p>\n","protected":false},"author":1,"featured_media":0,"comment_status":"open","ping_status":"open","sticky":false,"template":"","format":"standard","meta":{"footnotes":""},"categories":[21],"tags":[],"class_list":["post-1430","post","type-post","status-publish","format-standard","hentry","category-rio-de-janeiro-rj"],"_links":{"self":[{"href":"https:\/\/vagas.portalemprego.com.br\/index.php?rest_route=\/wp\/v2\/posts\/1430","targetHints":{"allow":["GET"]}}],"collection":[{"href":"https:\/\/vagas.portalemprego.com.br\/index.php?rest_route=\/wp\/v2\/posts"}],"about":[{"href":"https:\/\/vagas.portalemprego.com.br\/index.php?rest_route=\/wp\/v2\/types\/post"}],"author":[{"embeddable":true,"href":"https:\/\/vagas.portalemprego.com.br\/index.php?rest_route=\/wp\/v2\/users\/1"}],"replies":[{"embeddable":true,"href":"https:\/\/vagas.portalemprego.com.br\/index.php?rest_route=%2Fwp%2Fv2%2Fcomments&post=1430"}],"version-history":[{"count":0,"href":"https:\/\/vagas.portalemprego.com.br\/index.php?rest_route=\/wp\/v2\/posts\/1430\/revisions"}],"wp:attachment":[{"href":"https:\/\/vagas.portalemprego.com.br\/index.php?rest_route=%2Fwp%2Fv2%2Fmedia&parent=1430"}],"wp:term":[{"taxonomy":"category","embeddable":true,"href":"https:\/\/vagas.portalemprego.com.br\/index.php?rest_route=%2Fwp%2Fv2%2Fcategories&post=1430"},{"taxonomy":"post_tag","embeddable":true,"href":"https:\/\/vagas.portalemprego.com.br\/index.php?rest_route=%2Fwp%2Fv2%2Ftags&post=1430"}],"curies":[{"name":"wp","href":"https:\/\/api.w.org\/{rel}","templated":true}]}}