{"id":1437,"date":"2026-04-29T06:04:04","date_gmt":"2026-04-29T09:04:04","guid":{"rendered":"https:\/\/vagas.portalemprego.com.br\/?p=1437"},"modified":"2026-04-29T06:04:04","modified_gmt":"2026-04-29T09:04:04","slug":"eletromecanico-construcao-manutencao-rio-de-janeiro","status":"publish","type":"post","link":"https:\/\/vagas.portalemprego.com.br\/?p=1437","title":{"rendered":"Eletromec\u00e2nico &#8211; Constru\u00e7\u00e3o, Manuten\u00e7\u00e3o &#8211; Rio de Janeiro"},"content":{"rendered":"<p>Realizar\u00a0manuten\u00e7\u00e3o\u00a0preventiva\u00a0e\u00a0corretiva\u00a0em\u00a0equipamentos\u00a0el\u00e9tricos\u00a0e\u00a0mec\u00e2nicos, diagnosticar\u00a0problemas\u00a0t\u00e9cnicos\u00a0e\u00a0propor\u00a0solu\u00e7\u00f5es\u00a0eficazes, colaborar\u00a0com\u00a0a\u00a0equipe\u00a0t\u00e9cnica\u00a0para\u00a0a\u00a0implementa\u00e7\u00e3o\u00a0de\u00a0projetos, acompanhar\u00a0a\u00a0execu\u00e7\u00e3o\u00a0de\u00a0servi\u00e7os\u00a0de\u00a0manuten\u00e7\u00e3o<\/p>\n<ul>\n<li>Local de trabalho: Rio de Janeiro, RJ<\/li>\n<li>Regime de contrata\u00e7\u00e3o de tipo: Efetivo \u2013 CLT<\/li>\n<li>Jornada: Noturno<\/li>\n<li>\u00c1rea e especializa\u00e7\u00e3o profissional: Constru\u00e7\u00e3o, Manuten\u00e7\u00e3o &#8211; Eletricista \/ Manuten\u00e7\u00e3o El\u00e9trica<\/li>\n<li>N\u00edvel hier\u00e1rquico: Assistente<\/li>\n<\/ul>\n<p>Escolaridade M\u00ednima: Ensino M\u00e9dio (2\u00ba Grau)<\/p>\n<p>Sal\u00e1rio: 2200,0<\/p>\n","protected":false},"excerpt":{"rendered":"<p>Realizar\u00a0manuten\u00e7\u00e3o\u00a0preventiva\u00a0e\u00a0corretiva\u00a0em\u00a0equipamentos\u00a0el\u00e9tricos\u00a0e\u00a0mec\u00e2nicos, diagnosticar\u00a0problemas\u00a0t\u00e9cnicos\u00a0e\u00a0propor\u00a0solu\u00e7\u00f5es\u00a0eficazes, colaborar\u00a0com\u00a0a\u00a0equipe\u00a0t\u00e9cnica\u00a0para\u00a0a\u00a0implementa\u00e7\u00e3o\u00a0de\u00a0projetos, acompanhar\u00a0a\u00a0execu\u00e7\u00e3o\u00a0de\u00a0servi\u00e7os\u00a0de\u00a0manuten\u00e7\u00e3o Local de trabalho: Rio de Janeiro, RJ Regime de contrata\u00e7\u00e3o de tipo: Efetivo \u2013 CLT Jornada: Noturno \u00c1rea e especializa\u00e7\u00e3o profissional: Constru\u00e7\u00e3o, Manuten\u00e7\u00e3o &#8211; Eletricista \/ Manuten\u00e7\u00e3o El\u00e9trica N\u00edvel hier\u00e1rquico: Assistente Escolaridade M\u00ednima: Ensino M\u00e9dio (2\u00ba Grau) Sal\u00e1rio: 2200,0<\/p>\n","protected":false},"author":1,"featured_media":0,"comment_status":"open","ping_status":"open","sticky":false,"template":"","format":"standard","meta":{"footnotes":""},"categories":[21],"tags":[],"class_list":["post-1437","post","type-post","status-publish","format-standard","hentry","category-rio-de-janeiro-rj"],"_links":{"self":[{"href":"https:\/\/vagas.portalemprego.com.br\/index.php?rest_route=\/wp\/v2\/posts\/1437","targetHints":{"allow":["GET"]}}],"collection":[{"href":"https:\/\/vagas.portalemprego.com.br\/index.php?rest_route=\/wp\/v2\/posts"}],"about":[{"href":"https:\/\/vagas.portalemprego.com.br\/index.php?rest_route=\/wp\/v2\/types\/post"}],"author":[{"embeddable":true,"href":"https:\/\/vagas.portalemprego.com.br\/index.php?rest_route=\/wp\/v2\/users\/1"}],"replies":[{"embeddable":true,"href":"https:\/\/vagas.portalemprego.com.br\/index.php?rest_route=%2Fwp%2Fv2%2Fcomments&post=1437"}],"version-history":[{"count":0,"href":"https:\/\/vagas.portalemprego.com.br\/index.php?rest_route=\/wp\/v2\/posts\/1437\/revisions"}],"wp:attachment":[{"href":"https:\/\/vagas.portalemprego.com.br\/index.php?rest_route=%2Fwp%2Fv2%2Fmedia&parent=1437"}],"wp:term":[{"taxonomy":"category","embeddable":true,"href":"https:\/\/vagas.portalemprego.com.br\/index.php?rest_route=%2Fwp%2Fv2%2Fcategories&post=1437"},{"taxonomy":"post_tag","embeddable":true,"href":"https:\/\/vagas.portalemprego.com.br\/index.php?rest_route=%2Fwp%2Fv2%2Ftags&post=1437"}],"curies":[{"name":"wp","href":"https:\/\/api.w.org\/{rel}","templated":true}]}}