{"id":1439,"date":"2026-04-29T06:04:04","date_gmt":"2026-04-29T09:04:04","guid":{"rendered":"https:\/\/vagas.portalemprego.com.br\/?p=1439"},"modified":"2026-04-29T06:04:04","modified_gmt":"2026-04-29T09:04:04","slug":"mecanico-de-refrigeracao-construcao-manutencao-rio-de-janeiro-3","status":"publish","type":"post","link":"https:\/\/vagas.portalemprego.com.br\/?p=1439","title":{"rendered":"Mec\u00e2nico de Refrigera\u00e7\u00e3o &#8211; Constru\u00e7\u00e3o, Manuten\u00e7\u00e3o &#8211; Rio de Janeiro"},"content":{"rendered":"<p>Diagn\u00f3stico\u00a0e\u00a0reparo\u00a0de\u00a0sistemas\u00a0de\u00a0refrigera\u00e7\u00e3o, manuten\u00e7\u00e3o\u00a0preventiva\u00a0e\u00a0corretiva, instala\u00e7\u00e3o\u00a0de\u00a0novos\u00a0sistemas, colabora\u00e7\u00e3o\u00a0com\u00a0equipe\u00a0t\u00e9cnica\u00a0para\u00a0projetos<\/p>\n<ul>\n<li>Local de trabalho: Rio de Janeiro, RJ<\/li>\n<li>Regime de contrata\u00e7\u00e3o de tipo: Efetivo \u2013 CLT<\/li>\n<li>Jornada: Per\u00edodo Integral<\/li>\n<li>\u00c1rea e especializa\u00e7\u00e3o profissional: Constru\u00e7\u00e3o, Manuten\u00e7\u00e3o &#8211; Instala\u00e7\u00f5es em Geral<\/li>\n<li>N\u00edvel hier\u00e1rquico: Assistente<\/li>\n<\/ul>\n<p>Escolaridade M\u00ednima: Curso T\u00e9cnico<\/p>\n<p>Sal\u00e1rio: 2520,0<\/p>\n","protected":false},"excerpt":{"rendered":"<p>Diagn\u00f3stico\u00a0e\u00a0reparo\u00a0de\u00a0sistemas\u00a0de\u00a0refrigera\u00e7\u00e3o, manuten\u00e7\u00e3o\u00a0preventiva\u00a0e\u00a0corretiva, instala\u00e7\u00e3o\u00a0de\u00a0novos\u00a0sistemas, colabora\u00e7\u00e3o\u00a0com\u00a0equipe\u00a0t\u00e9cnica\u00a0para\u00a0projetos Local de trabalho: Rio de Janeiro, RJ Regime de contrata\u00e7\u00e3o de tipo: Efetivo \u2013 CLT Jornada: Per\u00edodo Integral \u00c1rea e especializa\u00e7\u00e3o profissional: Constru\u00e7\u00e3o, Manuten\u00e7\u00e3o &#8211; Instala\u00e7\u00f5es em Geral N\u00edvel hier\u00e1rquico: Assistente Escolaridade M\u00ednima: Curso T\u00e9cnico Sal\u00e1rio: 2520,0<\/p>\n","protected":false},"author":1,"featured_media":0,"comment_status":"open","ping_status":"open","sticky":false,"template":"","format":"standard","meta":{"footnotes":""},"categories":[21],"tags":[],"class_list":["post-1439","post","type-post","status-publish","format-standard","hentry","category-rio-de-janeiro-rj"],"_links":{"self":[{"href":"https:\/\/vagas.portalemprego.com.br\/index.php?rest_route=\/wp\/v2\/posts\/1439","targetHints":{"allow":["GET"]}}],"collection":[{"href":"https:\/\/vagas.portalemprego.com.br\/index.php?rest_route=\/wp\/v2\/posts"}],"about":[{"href":"https:\/\/vagas.portalemprego.com.br\/index.php?rest_route=\/wp\/v2\/types\/post"}],"author":[{"embeddable":true,"href":"https:\/\/vagas.portalemprego.com.br\/index.php?rest_route=\/wp\/v2\/users\/1"}],"replies":[{"embeddable":true,"href":"https:\/\/vagas.portalemprego.com.br\/index.php?rest_route=%2Fwp%2Fv2%2Fcomments&post=1439"}],"version-history":[{"count":0,"href":"https:\/\/vagas.portalemprego.com.br\/index.php?rest_route=\/wp\/v2\/posts\/1439\/revisions"}],"wp:attachment":[{"href":"https:\/\/vagas.portalemprego.com.br\/index.php?rest_route=%2Fwp%2Fv2%2Fmedia&parent=1439"}],"wp:term":[{"taxonomy":"category","embeddable":true,"href":"https:\/\/vagas.portalemprego.com.br\/index.php?rest_route=%2Fwp%2Fv2%2Fcategories&post=1439"},{"taxonomy":"post_tag","embeddable":true,"href":"https:\/\/vagas.portalemprego.com.br\/index.php?rest_route=%2Fwp%2Fv2%2Ftags&post=1439"}],"curies":[{"name":"wp","href":"https:\/\/api.w.org\/{rel}","templated":true}]}}