{"id":1441,"date":"2026-04-29T06:04:04","date_gmt":"2026-04-29T09:04:04","guid":{"rendered":"https:\/\/vagas.portalemprego.com.br\/?p=1441"},"modified":"2026-04-29T06:04:04","modified_gmt":"2026-04-29T09:04:04","slug":"auxiliar-de-servicos-gerais-servicos-gerais-rio-de-janeiro-14","status":"publish","type":"post","link":"https:\/\/vagas.portalemprego.com.br\/?p=1441","title":{"rendered":"Auxiliar de Servi\u00e7os Gerais &#8211; Servi\u00e7os Gerais &#8211; Rio de Janeiro"},"content":{"rendered":"<p>Realizar\u00a0limpeza\u00a0e\u00a0organiza\u00e7\u00e3o\u00a0dos\u00a0espa\u00e7os\u00a0comuns; auxiliar\u00a0na\u00a0manuten\u00e7\u00e3o\u00a0de\u00a0equipamentos\u00a0e\u00a0utens\u00edlios; colaborar\u00a0com\u00a0outras\u00a0equipes\u00a0em\u00a0atividades\u00a0de\u00a0suporte; acompanhar\u00a0procedimentos\u00a0de\u00a0higiene\u00a0e\u00a0seguran\u00e7a.<\/p>\n<ul>\n<li>Local de trabalho: Rio de Janeiro, RJ<\/li>\n<li>Regime de contrata\u00e7\u00e3o de tipo: Efetivo \u2013 CLT<\/li>\n<li>Jornada: Per\u00edodo Integral<\/li>\n<li>\u00c1rea e especializa\u00e7\u00e3o profissional: Servi\u00e7os Gerais &#8211; Limpeza<\/li>\n<li>N\u00edvel hier\u00e1rquico: Auxiliar<\/li>\n<\/ul>\n<p>VALORIZADO<\/p>\n<p>Tempo de experi\u00eancia: Entre 1 e 3 anos<\/p>\n<p>Escolaridade M\u00ednima: Ensino Fundamental (1\u00ba grau)<\/p>\n<p>Sal\u00e1rio: 1750,0<\/p>\n","protected":false},"excerpt":{"rendered":"<p>Realizar\u00a0limpeza\u00a0e\u00a0organiza\u00e7\u00e3o\u00a0dos\u00a0espa\u00e7os\u00a0comuns; auxiliar\u00a0na\u00a0manuten\u00e7\u00e3o\u00a0de\u00a0equipamentos\u00a0e\u00a0utens\u00edlios; colaborar\u00a0com\u00a0outras\u00a0equipes\u00a0em\u00a0atividades\u00a0de\u00a0suporte; acompanhar\u00a0procedimentos\u00a0de\u00a0higiene\u00a0e\u00a0seguran\u00e7a. Local de trabalho: Rio de Janeiro, RJ Regime de contrata\u00e7\u00e3o de tipo: Efetivo \u2013 CLT Jornada: Per\u00edodo Integral \u00c1rea e especializa\u00e7\u00e3o profissional: Servi\u00e7os Gerais &#8211; Limpeza N\u00edvel hier\u00e1rquico: Auxiliar VALORIZADO Tempo de experi\u00eancia: Entre 1 e 3 anos Escolaridade M\u00ednima: Ensino Fundamental (1\u00ba grau) Sal\u00e1rio: 1750,0<\/p>\n","protected":false},"author":1,"featured_media":0,"comment_status":"open","ping_status":"open","sticky":false,"template":"","format":"standard","meta":{"footnotes":""},"categories":[21],"tags":[],"class_list":["post-1441","post","type-post","status-publish","format-standard","hentry","category-rio-de-janeiro-rj"],"_links":{"self":[{"href":"https:\/\/vagas.portalemprego.com.br\/index.php?rest_route=\/wp\/v2\/posts\/1441","targetHints":{"allow":["GET"]}}],"collection":[{"href":"https:\/\/vagas.portalemprego.com.br\/index.php?rest_route=\/wp\/v2\/posts"}],"about":[{"href":"https:\/\/vagas.portalemprego.com.br\/index.php?rest_route=\/wp\/v2\/types\/post"}],"author":[{"embeddable":true,"href":"https:\/\/vagas.portalemprego.com.br\/index.php?rest_route=\/wp\/v2\/users\/1"}],"replies":[{"embeddable":true,"href":"https:\/\/vagas.portalemprego.com.br\/index.php?rest_route=%2Fwp%2Fv2%2Fcomments&post=1441"}],"version-history":[{"count":0,"href":"https:\/\/vagas.portalemprego.com.br\/index.php?rest_route=\/wp\/v2\/posts\/1441\/revisions"}],"wp:attachment":[{"href":"https:\/\/vagas.portalemprego.com.br\/index.php?rest_route=%2Fwp%2Fv2%2Fmedia&parent=1441"}],"wp:term":[{"taxonomy":"category","embeddable":true,"href":"https:\/\/vagas.portalemprego.com.br\/index.php?rest_route=%2Fwp%2Fv2%2Fcategories&post=1441"},{"taxonomy":"post_tag","embeddable":true,"href":"https:\/\/vagas.portalemprego.com.br\/index.php?rest_route=%2Fwp%2Fv2%2Ftags&post=1441"}],"curies":[{"name":"wp","href":"https:\/\/api.w.org\/{rel}","templated":true}]}}