{"id":1443,"date":"2026-04-29T06:04:04","date_gmt":"2026-04-29T09:04:04","guid":{"rendered":"https:\/\/vagas.portalemprego.com.br\/?p=1443"},"modified":"2026-04-29T06:04:04","modified_gmt":"2026-04-29T09:04:04","slug":"assistente-de-vendas-interno-comercial-vendas-rio-de-janeiro","status":"publish","type":"post","link":"https:\/\/vagas.portalemprego.com.br\/?p=1443","title":{"rendered":"Assistente de Vendas Interno &#8211; Comercial, Vendas &#8211; Rio de Janeiro"},"content":{"rendered":"<p>O Grupo Seres, em parceria com empresa nacional do segmento comercial, seleciona profissional para atuar na fun\u00e7\u00e3o de Assistente de Vendas Internas<br \/>\nAtividades:<br \/>\nTer\u00e1 oportunidade de conhecer e se relacionar com diversos setores que comp\u00f5em as grandes ind\u00fastrias que representamos e suas \u00e1reas correlacionadas nos clientes: engenharia, comercial, fiscal, industrial, log\u00edstica etc. Trabalhar\u00e1 ativamente na opera\u00e7\u00e3o comercial, emitindo propostas, realizando atendimento aos clientes, negociando condi\u00e7\u00f5es comerciais, orientando o cliente quanto aos produtos adquiridos e contribuindo na gest\u00e3o da carteira de neg\u00f3cios e pedidos. Receber\u00e1 treinamento nas \u00e1reas espec\u00edficas, para que seu conhecimento profissional anterior possa encontrar aplica\u00e7\u00f5es na nossa realidade espec\u00edfica. O trabalho demandar\u00e1 aprendizado e opera\u00e7\u00e3o de diferentes portais.<br \/>\nRequisitos:<br \/>\nSuperior completo em Administra\u00e7\u00e3o ou \u00e1reas afins;<br \/>\nExperi\u00eancia no trabalho administrativo de vendas.<br \/>\nHor\u00e1rio de trabalho:<br \/>\nHor\u00e1rio: 08:00 AS 18:00 SEG A QUI AS SEX 08:30 AS 17:30 C 1H INTERV REFEICAO<br \/>\nModelo: Presencial<br \/>\nLocal de trabalho:<br \/>\nCentro &#8211; Rio de Janeiro RJ<br \/>\nIncentivamos candidaturas PCD, popula\u00e7\u00e3o negra, mulheres, LGBTQIAPN+.<\/p>\n<ul>\n<li>Local de trabalho: Rio de Janeiro, RJ<\/li>\n<li>Regime de contrata\u00e7\u00e3o de tipo: Efetivo \u2013 CLT<\/li>\n<li>Jornada: Per\u00edodo Integral<\/li>\n<li>\u00c1rea e especializa\u00e7\u00e3o profissional: Comercial, Vendas &#8211; Venda Interna<\/li>\n<li>N\u00edvel hier\u00e1rquico: Assistente<\/li>\n<\/ul>\n<p>Escolaridade M\u00ednima: Ensino Superior<\/p>\n","protected":false},"excerpt":{"rendered":"<p>O Grupo Seres, em parceria com empresa nacional do segmento comercial, seleciona profissional para atuar na fun\u00e7\u00e3o de Assistente de Vendas Internas Atividades: Ter\u00e1 oportunidade de conhecer e se relacionar com diversos setores que comp\u00f5em as grandes ind\u00fastrias que representamos e suas \u00e1reas correlacionadas nos clientes: engenharia, comercial, fiscal, industrial, log\u00edstica etc. Trabalhar\u00e1 ativamente na [&hellip;]<\/p>\n","protected":false},"author":1,"featured_media":0,"comment_status":"open","ping_status":"open","sticky":false,"template":"","format":"standard","meta":{"footnotes":""},"categories":[21],"tags":[],"class_list":["post-1443","post","type-post","status-publish","format-standard","hentry","category-rio-de-janeiro-rj"],"_links":{"self":[{"href":"https:\/\/vagas.portalemprego.com.br\/index.php?rest_route=\/wp\/v2\/posts\/1443","targetHints":{"allow":["GET"]}}],"collection":[{"href":"https:\/\/vagas.portalemprego.com.br\/index.php?rest_route=\/wp\/v2\/posts"}],"about":[{"href":"https:\/\/vagas.portalemprego.com.br\/index.php?rest_route=\/wp\/v2\/types\/post"}],"author":[{"embeddable":true,"href":"https:\/\/vagas.portalemprego.com.br\/index.php?rest_route=\/wp\/v2\/users\/1"}],"replies":[{"embeddable":true,"href":"https:\/\/vagas.portalemprego.com.br\/index.php?rest_route=%2Fwp%2Fv2%2Fcomments&post=1443"}],"version-history":[{"count":0,"href":"https:\/\/vagas.portalemprego.com.br\/index.php?rest_route=\/wp\/v2\/posts\/1443\/revisions"}],"wp:attachment":[{"href":"https:\/\/vagas.portalemprego.com.br\/index.php?rest_route=%2Fwp%2Fv2%2Fmedia&parent=1443"}],"wp:term":[{"taxonomy":"category","embeddable":true,"href":"https:\/\/vagas.portalemprego.com.br\/index.php?rest_route=%2Fwp%2Fv2%2Fcategories&post=1443"},{"taxonomy":"post_tag","embeddable":true,"href":"https:\/\/vagas.portalemprego.com.br\/index.php?rest_route=%2Fwp%2Fv2%2Ftags&post=1443"}],"curies":[{"name":"wp","href":"https:\/\/api.w.org\/{rel}","templated":true}]}}