{"id":1444,"date":"2026-04-29T06:04:04","date_gmt":"2026-04-29T09:04:04","guid":{"rendered":"https:\/\/vagas.portalemprego.com.br\/?p=1444"},"modified":"2026-04-29T06:04:04","modified_gmt":"2026-04-29T09:04:04","slug":"mecanico-de-refrigeracao-sao-joao-da-barra-rj-construcao-manutencao-sao-joao-da-barra","status":"publish","type":"post","link":"https:\/\/vagas.portalemprego.com.br\/?p=1444","title":{"rendered":"Mec\u00e2nico de Refrigera\u00e7\u00e3o &#8211; S\u00e3o Jo\u00e3o da Barra\/RJ &#8211; Constru\u00e7\u00e3o, Manuten\u00e7\u00e3o &#8211; S\u00e3o Jo\u00e3o da Barra"},"content":{"rendered":"<p>Oportunidade: A Brasanitas est\u00e1 abrindo uma vaga para Mec\u00e2nico de Refrigera\u00e7\u00e3o em S\u00e3o Jo\u00e3o da Barra\/RJ. Esta \u00e9 uma oportunidade para quem busca um cargo que exige habilidade t\u00e9cnica e comprometimento com a qualidade.<br \/>\nFun\u00e7\u00f5es:<br \/>\nRealizar manuten\u00e7\u00e3o preventiva e corretiva em sistemas de refrigera\u00e7\u00e3o<br \/>\nDiagnosticar problemas t\u00e9cnicos e propor solu\u00e7\u00f5es eficientes<br \/>\nAcompanhar e registrar atividades de manuten\u00e7\u00e3o em sistemas<br \/>\nColaborar com equipes t\u00e9cnicas para garantir a efici\u00eancia operacional<\/p>\n<p>Requisitos:<br \/>\nExperi\u00eancia em manuten\u00e7\u00e3o de sistemas de refrigera\u00e7\u00e3o<br \/>\nConhecimento em equipamentos de refrigera\u00e7\u00e3o e climatiza\u00e7\u00e3o<br \/>\nCapacidade de leitura e interpreta\u00e7\u00e3o de manuais t\u00e9cnicos<br \/>\nHabilidade para trabalhar em equipe e resolver problemas<\/p>\n<p>Benef\u00edcios:<br \/>\nOferecemos um ambiente de trabalho colaborativo e desafiador<br \/>\nVoc\u00ea ter\u00e1 acesso a treinamentos cont\u00ednuos para desenvolvimento profissional<br \/>\nAmbiente seguro e estruturado para execu\u00e7\u00e3o das atividades<\/p>\n<p>Esta \u00e9 uma oportunidade para quem busca um cargo que valoriza a habilidade t\u00e9cnica e o comprometimento com a qualidade. Junte-se \u00e0 Brasanitas e contribua para o sucesso da empresa!<\/p>\n<ul>\n<li>Local de trabalho: S\u00e3o Jo\u00e3o da Barra, RJ<\/li>\n<li>Regime de contrata\u00e7\u00e3o de tipo: Efetivo \u2013 CLT<\/li>\n<li>Jornada: Per\u00edodo Integral<\/li>\n<li>\u00c1rea e especializa\u00e7\u00e3o profissional: Constru\u00e7\u00e3o, Manuten\u00e7\u00e3o &#8211; Instala\u00e7\u00f5es em Geral<\/li>\n<li>N\u00edvel hier\u00e1rquico: Operacional<\/li>\n<\/ul>\n<p>VALORIZADO<\/p>\n<p>Tempo de experi\u00eancia: Entre 1 e 3 anos<\/p>\n<p>HABILIDADES<\/p>\n<ul>\n<li>Gest\u00e3o do ambiente de trabalho<\/li>\n<li>Atendimento ao cliente<\/li>\n<li>Manuten\u00e7\u00e3o preventiva<\/li>\n<\/ul>\n<p>Escolaridade M\u00ednima: Curso T\u00e9cnico<\/p>\n<ul>\n<li>Assist\u00eancia m\u00e9dica<\/li>\n<li>Assist\u00eancia odontol\u00f3gica<\/li>\n<li>Vale-alimenta\u00e7\u00e3o<\/li>\n<\/ul>\n<p>Sal\u00e1rio: 2389,0<\/p>\n","protected":false},"excerpt":{"rendered":"<p>Oportunidade: A Brasanitas est\u00e1 abrindo uma vaga para Mec\u00e2nico de Refrigera\u00e7\u00e3o em S\u00e3o Jo\u00e3o da Barra\/RJ. Esta \u00e9 uma oportunidade para quem busca um cargo que exige habilidade t\u00e9cnica e comprometimento com a qualidade. Fun\u00e7\u00f5es: Realizar manuten\u00e7\u00e3o preventiva e corretiva em sistemas de refrigera\u00e7\u00e3o Diagnosticar problemas t\u00e9cnicos e propor solu\u00e7\u00f5es eficientes Acompanhar e registrar atividades [&hellip;]<\/p>\n","protected":false},"author":1,"featured_media":0,"comment_status":"open","ping_status":"open","sticky":false,"template":"","format":"standard","meta":{"footnotes":""},"categories":[21],"tags":[],"class_list":["post-1444","post","type-post","status-publish","format-standard","hentry","category-rio-de-janeiro-rj"],"_links":{"self":[{"href":"https:\/\/vagas.portalemprego.com.br\/index.php?rest_route=\/wp\/v2\/posts\/1444","targetHints":{"allow":["GET"]}}],"collection":[{"href":"https:\/\/vagas.portalemprego.com.br\/index.php?rest_route=\/wp\/v2\/posts"}],"about":[{"href":"https:\/\/vagas.portalemprego.com.br\/index.php?rest_route=\/wp\/v2\/types\/post"}],"author":[{"embeddable":true,"href":"https:\/\/vagas.portalemprego.com.br\/index.php?rest_route=\/wp\/v2\/users\/1"}],"replies":[{"embeddable":true,"href":"https:\/\/vagas.portalemprego.com.br\/index.php?rest_route=%2Fwp%2Fv2%2Fcomments&post=1444"}],"version-history":[{"count":0,"href":"https:\/\/vagas.portalemprego.com.br\/index.php?rest_route=\/wp\/v2\/posts\/1444\/revisions"}],"wp:attachment":[{"href":"https:\/\/vagas.portalemprego.com.br\/index.php?rest_route=%2Fwp%2Fv2%2Fmedia&parent=1444"}],"wp:term":[{"taxonomy":"category","embeddable":true,"href":"https:\/\/vagas.portalemprego.com.br\/index.php?rest_route=%2Fwp%2Fv2%2Fcategories&post=1444"},{"taxonomy":"post_tag","embeddable":true,"href":"https:\/\/vagas.portalemprego.com.br\/index.php?rest_route=%2Fwp%2Fv2%2Ftags&post=1444"}],"curies":[{"name":"wp","href":"https:\/\/api.w.org\/{rel}","templated":true}]}}